{"id":118407,"date":"2020-06-16T06:00:00","date_gmt":"2020-06-16T11:00:00","guid":{"rendered":"https:\/\/plazajuarez.mx\/?p=118407"},"modified":"2020-06-15T19:34:16","modified_gmt":"2020-06-16T00:34:16","slug":"designa-dirigencia-nacional-panista-a-sus-candidatos","status":"publish","type":"post","link":"https:\/\/plazajuarez.mx\/historico\/designa-dirigencia-nacional-panista-a-sus-candidatos\/","title":{"rendered":"Designa dirigencia nacional panista a sus candidatos"},"content":{"rendered":"\n<ul class=\"wp-block-list\"><li><strong>Para las alcald\u00edas de dos municipios de la regi\u00f3n<\/strong><\/li><\/ul>\n\n\n\n<!--more-->\n\n\n\n<p><strong>Tulancingo<\/strong>.- Cornelio Garc\u00eda Villanueva, dirigente del Partido Acci\u00f3n Nacional en Hidalgo, confirm\u00f3 que en los municipios de Cuautepec de Hinojosa y Tulancingo de Bravo, los futuros candidatos a presidente municipal ya fueron designados por la dirigencia nacional del blanquiazul, por lo cual no habr\u00e1 coalici\u00f3n en ambos municipios con el Partido de la Revoluci\u00f3n Democr\u00e1tica (PRD).<\/p>\n\n\n\n<p>En el caso espec\u00edfico de Cuautepec, Cornelio Garc\u00eda Villanueva se\u00f1al\u00f3 que a inicios del presente a\u00f1o se llev\u00f3 a cabo una elecci\u00f3n interna para la designaci\u00f3n del candidato, la cual fue ganada, sin un amplio margen, por el empresario Jos\u00e9 Luis P\u00e9rez M\u00e1rquez.<\/p>\n\n\n\n<p>Tras la elecci\u00f3n interna, Cornelio Garc\u00eda Villanueva confirm\u00f3 que se realizaron negociaciones con el PRD para hacer una candidatura com\u00fan con ambos municipios y se incluy\u00f3 al municipio de Cuautepec para conformar el bloque de 28, conforme a la ley electoral.<\/p>\n\n\n\n<p>Al perderse autom\u00e1ticamente la elecci\u00f3n interna, tras la conformaci\u00f3n del bloque de los 28 con el PRD, Jos\u00e9 Luis P\u00e9rez M\u00e1rquez realiz\u00f3 una impugnaci\u00f3n al proceso, la cual fue ratificada por el Comit\u00e9 Ejecutivo Nacional del PAN, que orden\u00f3 regresar la candidatura al empresario cuautepequense.<\/p>\n\n\n\n<p>\u201cSomos, como Acci\u00f3n Nacional, respetuosos de la ley, el Comit\u00e9 Nacional nos instruye devolver la candidatura a Jos\u00e9 P\u00e9rez M\u00e1rquez y buscar otro municipio para buscar la candidatura com\u00fan. En Acci\u00f3n Nacional respetamos la ley, como presidente estatal del partido no me voy a pelear con la dirigencia nacional\u2026 Jos\u00e9 Luis P\u00e9rez M\u00e1rquez es quien ser\u00e1 el candidato del Partido Acci\u00f3n Nacional en Cuautepec\u201d, asegur\u00f3 Cornelio Garc\u00eda Villanueva.<\/p>\n\n\n\n<p>Reconoci\u00f3 que el PRD, quien era el partido que encabezaba la candidatura en este municipio, proceder\u00e1 ante ello de forma legal y que est\u00e1n en su derecho, sin embargo, reiter\u00f3 que la dirigencia estatal acata la resoluci\u00f3n del Comit\u00e9 de Justicia del PAN en el pa\u00eds.<\/p>\n\n\n\n<p>En el caso de Tulancingo, Cornelio Garc\u00eda Villanueva ratific\u00f3 que, a pesar de los acuerdos y desacuerdos, en el PAN de Hidalgo, se acata la ley, por lo que tras el registro de dos planillas para contender por la candidatura, la dirigencia nacional orden\u00f3 que el expresidente municipal, Julio Soto M\u00e1rquez encabece dicha candidatura.<\/p>\n\n\n\n<p>\u201cNosotros hab\u00edamos dicho en lo local que iba Fernando Lemus, sin embargo, nos tenemos que sujetar y acatar a lo que diga el Comit\u00e9 Nacional del Partido Acci\u00f3n Nacional y la Comisi\u00f3n Permanente\u2026 por lo que al final va a ser el candidato Julio Soto por designaci\u00f3n, y es algo que nos instruyen\u2026 no me voy a pelear con el presidente nacional del PAN ni con el Comit\u00e9 Permanente Nacional, a final de cuentas hay orden jer\u00e1rquico y ellos llevan mano, por lo que nos tenemos que sujetar y hacer el mejor de los trabajos\u201d, concluy\u00f3 el dirigente estatal.&nbsp;&nbsp;<\/p>\n","protected":false},"excerpt":{"rendered":"<p>Para las alcald\u00edas de dos municipios de la regi\u00f3n<\/p>\n","protected":false},"author":70,"featured_media":0,"comment_status":"closed","ping_status":"open","sticky":false,"template":"","format":"standard","meta":{"footnotes":""},"categories":[40],"tags":[],"class_list":["post-118407","post","type-post","status-publish","format-standard","hentry","category-region"],"_links":{"self":[{"href":"https:\/\/plazajuarez.mx\/historico\/wp-json\/wp\/v2\/posts\/118407","targetHints":{"allow":["GET"]}}],"collection":[{"href":"https:\/\/plazajuarez.mx\/historico\/wp-json\/wp\/v2\/posts"}],"about":[{"href":"https:\/\/plazajuarez.mx\/historico\/wp-json\/wp\/v2\/types\/post"}],"author":[{"embeddable":true,"href":"https:\/\/plazajuarez.mx\/historico\/wp-json\/wp\/v2\/users\/70"}],"replies":[{"embeddable":true,"href":"https:\/\/plazajuarez.mx\/historico\/wp-json\/wp\/v2\/comments?post=118407"}],"version-history":[{"count":0,"href":"https:\/\/plazajuarez.mx\/historico\/wp-json\/wp\/v2\/posts\/118407\/revisions"}],"wp:attachment":[{"href":"https:\/\/plazajuarez.mx\/historico\/wp-json\/wp\/v2\/media?parent=118407"}],"wp:term":[{"taxonomy":"category","embeddable":true,"href":"https:\/\/plazajuarez.mx\/historico\/wp-json\/wp\/v2\/categories?post=118407"},{"taxonomy":"post_tag","embeddable":true,"href":"https:\/\/plazajuarez.mx\/historico\/wp-json\/wp\/v2\/tags?post=118407"}],"curies":[{"name":"wp","href":"https:\/\/api.w.org\/{rel}","templated":true}]}}