{"id":118406,"date":"2020-06-16T06:00:00","date_gmt":"2020-06-16T11:00:00","guid":{"rendered":"https:\/\/plazajuarez.mx\/?p=118406"},"modified":"2020-06-15T20:08:27","modified_gmt":"2020-06-16T01:08:27","slug":"asesinan-a-balazos-a-hombre-en-bojay","status":"publish","type":"post","link":"https:\/\/plazajuarez.mx\/historico\/asesinan-a-balazos-a-hombre-en-bojay\/","title":{"rendered":"Asesinan a balazos a hombre en Bojay"},"content":{"rendered":"\n<ul class=\"wp-block-list\"><li><strong>El masculino fue ultimado a balazos y su cuerpo qued\u00f3 tendido en plena v\u00eda p\u00fablica<\/strong><\/li><\/ul>\n\n\n\n<!--more-->\n\n\n\n<p>La violencia se recrudeci\u00f3 en el municipio de Tula de Allende, luego de que la noche del domingo, en la localidad de San Francisco Bojay, al filo de las 21:30 horas, un masculino fue ultimado a balazos y su cuerpo qued\u00f3 tendido en plena v\u00eda p\u00fablica, en tanto que sus ejecutores se dieron a la fuga sin dejar rastro alguno de su paradero.<\/p>\n\n\n\n<p>El hecho fue reportado por vecinos del lugar al 911 de Emergencias, refiriendo que escucharon varias detonaciones de arma de fuego.&nbsp;<\/p>\n\n\n\n<p>V\u00eda radio se extendi\u00f3 la alerta a las corporaciones policiales de la regi\u00f3n y de cuerpos de auxilio.<\/p>\n\n\n\n<p>Fueron elementos de la Polic\u00eda Municipal de Tula de Allende quienes inicialmente arribaron al lugar, corroborando que tuvieron a la vista el cuerpo de una persona sin vida en San Francisco Bojay.<\/p>\n\n\n\n<p>Por ello, la escena del crimen se resguard\u00f3 para el libre accionar del personal de la Procuradur\u00eda General de Justicia de Hidalgo, que realiz\u00f3 las diligencias.<\/p>\n\n\n\n<p>AL respecto la Procuradur\u00eda de Hidalgo indic\u00f3 que Se recibi\u00f3 aviso del C4, mediante el que se indic\u00f3 que en la Calle Avenida del Trabajo, colonia San Francisco Bojay, Tula de Allende, se encontr\u00f3 a una persona sin signos vitales al parecer por impactos de arma de fuego.<\/p>\n\n\n\n<p>Agentes de Investigaci\u00f3n en compa\u00f1\u00eda del perito en criminal\u00edstica de campo arribaron al lugar para hacer el procesamiento del sitio y levantar el cuerpo e iniciar la carpeta de investigaci\u00f3n.<\/p>\n\n\n\n<p>En el lugar se hallaron varios casquillos percutidos.<\/p>\n","protected":false},"excerpt":{"rendered":"<p>El masculino fue ultimado a balazos y su cuerpo qued\u00f3 tendido en plena v\u00eda p\u00fablica<\/p>\n","protected":false},"author":93,"featured_media":0,"comment_status":"closed","ping_status":"open","sticky":false,"template":"","format":"standard","meta":{"footnotes":""},"categories":[37],"tags":[],"class_list":["post-118406","post","type-post","status-publish","format-standard","hentry","category-barandilla"],"_links":{"self":[{"href":"https:\/\/plazajuarez.mx\/historico\/wp-json\/wp\/v2\/posts\/118406","targetHints":{"allow":["GET"]}}],"collection":[{"href":"https:\/\/plazajuarez.mx\/historico\/wp-json\/wp\/v2\/posts"}],"about":[{"href":"https:\/\/plazajuarez.mx\/historico\/wp-json\/wp\/v2\/types\/post"}],"author":[{"embeddable":true,"href":"https:\/\/plazajuarez.mx\/historico\/wp-json\/wp\/v2\/users\/93"}],"replies":[{"embeddable":true,"href":"https:\/\/plazajuarez.mx\/historico\/wp-json\/wp\/v2\/comments?post=118406"}],"version-history":[{"count":0,"href":"https:\/\/plazajuarez.mx\/historico\/wp-json\/wp\/v2\/posts\/118406\/revisions"}],"wp:attachment":[{"href":"https:\/\/plazajuarez.mx\/historico\/wp-json\/wp\/v2\/media?parent=118406"}],"wp:term":[{"taxonomy":"category","embeddable":true,"href":"https:\/\/plazajuarez.mx\/historico\/wp-json\/wp\/v2\/categories?post=118406"},{"taxonomy":"post_tag","embeddable":true,"href":"https:\/\/plazajuarez.mx\/historico\/wp-json\/wp\/v2\/tags?post=118406"}],"curies":[{"name":"wp","href":"https:\/\/api.w.org\/{rel}","templated":true}]}}