{"id":118404,"date":"2020-06-16T06:00:00","date_gmt":"2020-06-16T11:00:00","guid":{"rendered":"https:\/\/plazajuarez.mx\/?p=118404"},"modified":"2020-06-15T19:31:15","modified_gmt":"2020-06-16T00:31:15","slug":"inicio-la-instalacion-de-senaletica","status":"publish","type":"post","link":"https:\/\/plazajuarez.mx\/historico\/inicio-la-instalacion-de-senaletica\/","title":{"rendered":"Inici\u00f3 la instalaci\u00f3n de se\u00f1al\u00e9tica"},"content":{"rendered":"\n<ul class=\"wp-block-list\"><li><strong>La se\u00f1al\u00e9tica lleva la leyenda del programa vial \u201cUno x Uno\u201d<\/strong><\/li><\/ul>\n\n\n\n<!--more-->\n\n\n\n<p><strong>Apan<\/strong>.- A fin de iniciar la regulaci\u00f3n en vialidades del municipio, la Presidencia Municipal inici\u00f3 la instalaci\u00f3n de se\u00f1al\u00e9tica con la leyenda\u00a0del programa vial \u201cUno x Uno\u201d.<\/p>\n\n\n\n<p>La alcaldesa de Apan, Mar\u00eda Antonieta de los \u00c1ngeles Anaya, dijo que estos se\u00f1alamientos, ser\u00e1n instalados en todas las avenidas de la cabecera municipal, y que forman parte del programa de ordenamiento vial.<\/p>\n\n\n\n<p>Para poner en funci\u00f3n la instalaciones de los nuevos se\u00f1alamientos, la alcaldesa dijo que estos trabajos se est\u00e1n supervisando y que en todas&nbsp;las vialidades en que ser\u00e1 usado este nuevo programa vial \u201cUno x Uno\u201d, que est\u00e1 a cargo y supervisada por el director de Seguridad P\u00fablica y Movilidad Municipal, Jair Hern\u00e1ndez.<\/p>\n\n\n\n<p>Con estos nuevos se\u00f1alamientos, el Ayuntamiento busca fomentar la cultura vial en todos los conductores, tanto del transporte p\u00fablico y los particulares para que respeten las vialidades, adem\u00e1s de que el peat\u00f3n sepa c\u00f3mo actuar en este nuevo programa vial.<\/p>\n\n\n\n<p>Anaya Ortega exhort\u00f3 a todos los conductores a que respeten el paso del peat\u00f3n, ya que son uno de los ejes principales de este programa vial.<\/p>\n\n\n\n<p>Asegur\u00f3 que \u00e9ste es un trabajo arduo de la Direcci\u00f3n de Seguridad P\u00fablica y Movilidad Municipal.&nbsp;<\/p>\n\n\n\n<p>La alcaldesa indic\u00f3 que en etapa inicial a los automovilistas no se les aplicar\u00e1 sanci\u00f3n alguna, ya que los oficiales asignados el \u00e1rea de Movilidad Municipal, tendr\u00e1n la tarea de indicar la manera de c\u00f3mo funciona este nuevo programa vial.<\/p>\n\n\n\n<p>Asimismo, dijo que este programa s\u00f3lo ser\u00e1 aplicado en la cabecera municipal, donde dar\u00e1 inicio a la colocaci\u00f3n de&nbsp; se\u00f1al\u00e9tica del Sistema de \u201cOrdenamiento Vial Uno Por Uno\u201d, el cual es una estrategia del&nbsp; gobierno y que va encaminada a reducir el tr\u00e1fico y nudos viales, con lo que se facilitar\u00e1 la movilidad de peatones y automovilistas.<\/p>\n\n\n\n<p>Para finalizar, la alcaldesa de Apan, dijo que la promoci\u00f3n se har\u00e1, colocando lonas en las patrullas, perifoneo, medios como el tuyo y redes sociales, para que la ciudadan\u00eda se empiece a familiarizar en su uso del paso \u201cUno x Uno\u201d<\/p>\n","protected":false},"excerpt":{"rendered":"<p>La se\u00f1al\u00e9tica lleva la leyenda del programa vial \u201cUno x Uno\u201d<\/p>\n","protected":false},"author":69,"featured_media":0,"comment_status":"closed","ping_status":"open","sticky":false,"template":"","format":"standard","meta":{"footnotes":""},"categories":[40],"tags":[],"class_list":["post-118404","post","type-post","status-publish","format-standard","hentry","category-region"],"_links":{"self":[{"href":"https:\/\/plazajuarez.mx\/historico\/wp-json\/wp\/v2\/posts\/118404","targetHints":{"allow":["GET"]}}],"collection":[{"href":"https:\/\/plazajuarez.mx\/historico\/wp-json\/wp\/v2\/posts"}],"about":[{"href":"https:\/\/plazajuarez.mx\/historico\/wp-json\/wp\/v2\/types\/post"}],"author":[{"embeddable":true,"href":"https:\/\/plazajuarez.mx\/historico\/wp-json\/wp\/v2\/users\/69"}],"replies":[{"embeddable":true,"href":"https:\/\/plazajuarez.mx\/historico\/wp-json\/wp\/v2\/comments?post=118404"}],"version-history":[{"count":0,"href":"https:\/\/plazajuarez.mx\/historico\/wp-json\/wp\/v2\/posts\/118404\/revisions"}],"wp:attachment":[{"href":"https:\/\/plazajuarez.mx\/historico\/wp-json\/wp\/v2\/media?parent=118404"}],"wp:term":[{"taxonomy":"category","embeddable":true,"href":"https:\/\/plazajuarez.mx\/historico\/wp-json\/wp\/v2\/categories?post=118404"},{"taxonomy":"post_tag","embeddable":true,"href":"https:\/\/plazajuarez.mx\/historico\/wp-json\/wp\/v2\/tags?post=118404"}],"curies":[{"name":"wp","href":"https:\/\/api.w.org\/{rel}","templated":true}]}}