{"id":118403,"date":"2020-06-16T06:00:00","date_gmt":"2020-06-16T11:00:00","guid":{"rendered":"https:\/\/plazajuarez.mx\/?p=118403"},"modified":"2020-06-15T19:30:10","modified_gmt":"2020-06-16T00:30:10","slug":"se-dejara-matricula-en-seguridad-mas-fortalecida","status":"publish","type":"post","link":"https:\/\/plazajuarez.mx\/historico\/se-dejara-matricula-en-seguridad-mas-fortalecida\/","title":{"rendered":"Se dejar\u00e1 matr\u00edcula en Seguridad m\u00e1s fortalecida"},"content":{"rendered":"\n<ul class=\"wp-block-list\"><li><strong>De 177 a 222 elementos policiacos en activo m\u00e1s lo que se integren en fecha pr\u00f3xima<\/strong><\/li><\/ul>\n\n\n\n<!--more-->\n\n\n\n<p><strong>Tulancingo<\/strong>.- Una matr\u00edcula m\u00e1s fortalecida en elementos de seguridad, dejar\u00e1 el gobierno municipal de Tulancingo, pasando de 177 a 222, con los que se integren en fecha pr\u00f3xima.<\/p>\n\n\n\n<p>Derivado de la \u00faltima convocatoria emitida por la Secretaria de Seguridad Ciudadana, 60 aspirantes se registraron al proceso de selecci\u00f3n. De esta cifra, m\u00e1s del 50 por ciento aprob\u00f3 los filtros indispensables para ingresar.<\/p>\n\n\n\n<p>Cabe resaltar que es la primera vez en que un n\u00famero tan grande de aspirantes acredita los ex\u00e1menes de control y confianza, por lo cual ahora se analizara la capacidad financiera a fin de determinar el n\u00famero de nuevos elementos a integrar a las fuerzas del orden.<\/p>\n\n\n\n<p>Los as\u00ed notificados comenzaran curso b\u00e1sico de formaci\u00f3n inicial, el&nbsp; 29 junio. Anteriormente, uno de cada tres aspirantes, acreditaba ex\u00e1menes de control y confianza, pero esta ocasi\u00f3n, el porcentaje increment\u00f3 considerablemente.<\/p>\n\n\n\n<p>Respecto a los elementos en activo, 87% tiene actualizadas sus evaluaciones de control y confianza y el 13% restante deber\u00e1 concretarlo en breve tiempo, al ser un elemento fundamental de permanencia en la corporaci\u00f3n.<\/p>\n\n\n\n<p>La administraci\u00f3n local tambi\u00e9n dejara fortalecidos otros \u00e1mbitos, como el de recursos materiales. En parque vehicular fueron adquiridas 24 patrullas y 17 motopatrullas.<\/p>\n\n\n\n<p>No menos importante, es la continuidad en operatividad de subcomandancias y casetas de vigilancia de reciente puesta en marcha en sectores como Lindavista, Medias Tierras, La Argentina, Los Sabinos.<\/p>\n","protected":false},"excerpt":{"rendered":"<p>De 177 a 222 elementos policiacos en activo m\u00e1s lo que se integren en fecha pr\u00f3xima<\/p>\n","protected":false},"author":93,"featured_media":0,"comment_status":"closed","ping_status":"open","sticky":false,"template":"","format":"standard","meta":{"footnotes":""},"categories":[40],"tags":[],"class_list":["post-118403","post","type-post","status-publish","format-standard","hentry","category-region"],"_links":{"self":[{"href":"https:\/\/plazajuarez.mx\/historico\/wp-json\/wp\/v2\/posts\/118403","targetHints":{"allow":["GET"]}}],"collection":[{"href":"https:\/\/plazajuarez.mx\/historico\/wp-json\/wp\/v2\/posts"}],"about":[{"href":"https:\/\/plazajuarez.mx\/historico\/wp-json\/wp\/v2\/types\/post"}],"author":[{"embeddable":true,"href":"https:\/\/plazajuarez.mx\/historico\/wp-json\/wp\/v2\/users\/93"}],"replies":[{"embeddable":true,"href":"https:\/\/plazajuarez.mx\/historico\/wp-json\/wp\/v2\/comments?post=118403"}],"version-history":[{"count":0,"href":"https:\/\/plazajuarez.mx\/historico\/wp-json\/wp\/v2\/posts\/118403\/revisions"}],"wp:attachment":[{"href":"https:\/\/plazajuarez.mx\/historico\/wp-json\/wp\/v2\/media?parent=118403"}],"wp:term":[{"taxonomy":"category","embeddable":true,"href":"https:\/\/plazajuarez.mx\/historico\/wp-json\/wp\/v2\/categories?post=118403"},{"taxonomy":"post_tag","embeddable":true,"href":"https:\/\/plazajuarez.mx\/historico\/wp-json\/wp\/v2\/tags?post=118403"}],"curies":[{"name":"wp","href":"https:\/\/api.w.org\/{rel}","templated":true}]}}