{"id":118390,"date":"2020-06-16T06:00:00","date_gmt":"2020-06-16T11:00:00","guid":{"rendered":"https:\/\/plazajuarez.mx\/?p=118390"},"modified":"2020-06-15T20:11:05","modified_gmt":"2020-06-16T01:11:05","slug":"en-atotonilco-de-tula-hallan-bolsa-con-un-desmembrado","status":"publish","type":"post","link":"https:\/\/plazajuarez.mx\/historico\/en-atotonilco-de-tula-hallan-bolsa-con-un-desmembrado\/","title":{"rendered":"En Atotonilco de Tula, hallan bolsa con un desmembrado"},"content":{"rendered":"\n<ul class=\"wp-block-list\"><li><strong>La ma\u00f1ana de este lunes, al filo de las 10:40 horas, se report\u00f3 el hallazgo de los restos<\/strong><\/li><\/ul>\n\n\n\n<!--more-->\n\n\n\n<p>Luego del reporte que se realiz\u00f3 de manera an\u00f3nima, se alert\u00f3 a la Direcci\u00f3n de Seguridad P\u00fablica de Atotonilco de Tula, sobre la aparici\u00f3n de una bolsa de pl\u00e1stico color negra, en cuyo interior se observaban restos humanos, se gener\u00f3 una intensa movilizaci\u00f3n polic\u00edaca.<\/p>\n\n\n\n<p>Fue la ma\u00f1ana de este lunes, al filo de las 10:40 horas, cuando se report\u00f3 el hallazgo del cuerpo de una persona embolsado en la localidad de Praderas del Potrero a la altura&nbsp; del lugar conocido como los Talleres.<\/p>\n\n\n\n<p>Al tener conocimiento de \u00e9l macabro descubrimiento, elementos de la Polic\u00eda Municipal avanzaron al lugar, por lo que al llegar a Praderas del Potrero en la carretera Tula-Jorobas, como referencia a la altura del puente de las v\u00edas, visualizaron una bolsa negra con una extremidad inferior.<\/p>\n\n\n\n<p>Posteriormente se tuvo presencia de oficiales de la Agencia de Seguridad del estado de Hidalgo, quienes corroboraron la existencia de una bolsa con restos humanos.<\/p>\n\n\n\n<p>De manera pronta los guardianes de la ley procedieron a acordonar el lugar del hallazgo y dieron parte a la Procuradur\u00eda general de Justicia de Hidalgo.<\/p>\n\n\n\n<p>As\u00ed mismo, se tuvo la asistencia del agente del Ministerio P\u00fablico, quien acudi\u00f3 al lugar para realizar las diligencias y dar inicio a la carpeta de investigaci\u00f3n.<\/p>\n\n\n\n<p>Al t\u00e9rmino de su labor el representante social, orden\u00f3 el levantamiento del cad\u00e1ver y su traslado al Servicio M\u00e9dico Forense para la necropsia de ley.<\/p>\n","protected":false},"excerpt":{"rendered":"<p>La ma\u00f1ana de este lunes, al filo de las 10:40 horas, se report\u00f3 el hallazgo de los restos<\/p>\n","protected":false},"author":93,"featured_media":0,"comment_status":"closed","ping_status":"open","sticky":false,"template":"","format":"standard","meta":{"footnotes":""},"categories":[37],"tags":[],"class_list":["post-118390","post","type-post","status-publish","format-standard","hentry","category-barandilla"],"_links":{"self":[{"href":"https:\/\/plazajuarez.mx\/historico\/wp-json\/wp\/v2\/posts\/118390","targetHints":{"allow":["GET"]}}],"collection":[{"href":"https:\/\/plazajuarez.mx\/historico\/wp-json\/wp\/v2\/posts"}],"about":[{"href":"https:\/\/plazajuarez.mx\/historico\/wp-json\/wp\/v2\/types\/post"}],"author":[{"embeddable":true,"href":"https:\/\/plazajuarez.mx\/historico\/wp-json\/wp\/v2\/users\/93"}],"replies":[{"embeddable":true,"href":"https:\/\/plazajuarez.mx\/historico\/wp-json\/wp\/v2\/comments?post=118390"}],"version-history":[{"count":0,"href":"https:\/\/plazajuarez.mx\/historico\/wp-json\/wp\/v2\/posts\/118390\/revisions"}],"wp:attachment":[{"href":"https:\/\/plazajuarez.mx\/historico\/wp-json\/wp\/v2\/media?parent=118390"}],"wp:term":[{"taxonomy":"category","embeddable":true,"href":"https:\/\/plazajuarez.mx\/historico\/wp-json\/wp\/v2\/categories?post=118390"},{"taxonomy":"post_tag","embeddable":true,"href":"https:\/\/plazajuarez.mx\/historico\/wp-json\/wp\/v2\/tags?post=118390"}],"curies":[{"name":"wp","href":"https:\/\/api.w.org\/{rel}","templated":true}]}}