{"id":118387,"date":"2020-06-16T06:00:00","date_gmt":"2020-06-16T11:00:00","guid":{"rendered":"https:\/\/plazajuarez.mx\/?p=118387"},"modified":"2020-06-15T19:23:31","modified_gmt":"2020-06-16T00:23:31","slug":"cancelan-por-segunda-ocasion-funcion-de-boxeo-en-la-cdmx","status":"publish","type":"post","link":"https:\/\/plazajuarez.mx\/historico\/cancelan-por-segunda-ocasion-funcion-de-boxeo-en-la-cdmx\/","title":{"rendered":"Cancelan por segunda ocasi\u00f3n funci\u00f3n de boxeo en la CDMX"},"content":{"rendered":"\n<ul class=\"wp-block-list\"><li><strong>Zanfer preparaba un serial de funciones que arrancaban el pr\u00f3ximo s\u00e1bado<\/strong><\/li><\/ul>\n\n\n\n<!--more-->\n\n\n\n<p>Por segunda ocasi\u00f3n, la Comisi\u00f3n de Box y Lucha de la Ciudad de M\u00e9xico volvi\u00f3 a echar abajo una cartelera a puerta cerrada que preparaba la promotora Zanfer con la participaci\u00f3n del campe\u00f3n mundial Emanuel Navarrete.<\/p>\n\n\n\n<p>La velada calendarizada para el s\u00e1bado 20 de junio en las instalaciones de TV Azteca se deber\u00e1 aplazar pues para la Comisi\u00f3n a\u00fan no existen condiciones suficientes para llevar a cabo la funci\u00f3n.<\/p>\n\n\n\n<p>&#8220;La H Comisi\u00f3n de Boxeo Profesional de la Ciudad de M\u00e9xico, debido a la cuarentena por Covid, en estos momentos no existen condiciones sanitarias para autorizar y sancionar funciones de boxeo profesional&#8221;, comunic\u00f3 el organismo que encabeza Ciro Nucci.<\/p>\n\n\n\n<p>Zanfer preparaba un serial de funciones que arrancaban el pr\u00f3ximo s\u00e1bado. La empresa tijuanense ya hab\u00eda realizado pruebas de detecci\u00f3n de Covid a los boxeadores en Silvina Torres dio positivo.<\/p>\n\n\n\n<p>Torres fue inmediatamente notificada y se ha puesto a su cuidado un encargado m\u00e9dico conforme al protocolo. Torres cumplir\u00e1 un proceso de aislamiento en su domicilio particular, en Nezahualc\u00f3yotl.<\/p>\n","protected":false},"excerpt":{"rendered":"<p>Zanfer preparaba un serial de funciones que arrancaban el pr\u00f3ximo s\u00e1bado<\/p>\n","protected":false},"author":81,"featured_media":0,"comment_status":"closed","ping_status":"open","sticky":false,"template":"","format":"standard","meta":{"footnotes":""},"categories":[39],"tags":[],"class_list":["post-118387","post","type-post","status-publish","format-standard","hentry","category-deportiva"],"_links":{"self":[{"href":"https:\/\/plazajuarez.mx\/historico\/wp-json\/wp\/v2\/posts\/118387","targetHints":{"allow":["GET"]}}],"collection":[{"href":"https:\/\/plazajuarez.mx\/historico\/wp-json\/wp\/v2\/posts"}],"about":[{"href":"https:\/\/plazajuarez.mx\/historico\/wp-json\/wp\/v2\/types\/post"}],"author":[{"embeddable":true,"href":"https:\/\/plazajuarez.mx\/historico\/wp-json\/wp\/v2\/users\/81"}],"replies":[{"embeddable":true,"href":"https:\/\/plazajuarez.mx\/historico\/wp-json\/wp\/v2\/comments?post=118387"}],"version-history":[{"count":0,"href":"https:\/\/plazajuarez.mx\/historico\/wp-json\/wp\/v2\/posts\/118387\/revisions"}],"wp:attachment":[{"href":"https:\/\/plazajuarez.mx\/historico\/wp-json\/wp\/v2\/media?parent=118387"}],"wp:term":[{"taxonomy":"category","embeddable":true,"href":"https:\/\/plazajuarez.mx\/historico\/wp-json\/wp\/v2\/categories?post=118387"},{"taxonomy":"post_tag","embeddable":true,"href":"https:\/\/plazajuarez.mx\/historico\/wp-json\/wp\/v2\/tags?post=118387"}],"curies":[{"name":"wp","href":"https:\/\/api.w.org\/{rel}","templated":true}]}}