{"id":118385,"date":"2020-06-16T06:00:00","date_gmt":"2020-06-16T11:00:00","guid":{"rendered":"https:\/\/plazajuarez.mx\/?p=118385"},"modified":"2020-06-15T20:10:12","modified_gmt":"2020-06-16T01:10:12","slug":"por-violencia-familiar-agravada-un-hombre-ya-se-encuentra-vinculado-a-su-proceso","status":"publish","type":"post","link":"https:\/\/plazajuarez.mx\/historico\/por-violencia-familiar-agravada-un-hombre-ya-se-encuentra-vinculado-a-su-proceso\/","title":{"rendered":"Por violencia familiar agravada, un hombre ya se encuentra vinculado a su proceso"},"content":{"rendered":"\n<ul class=\"wp-block-list\"><li><strong>Al momento el hombre cumple con medida cautelar de prisi\u00f3n preventiva justificada<\/strong><\/li><\/ul>\n\n\n\n<!--more-->\n\n\n\n<p>Luego de que agentes del Ministerio P\u00fablico, reunieran datos de prueba suficientes contra un hombre, la autoridad judicial dict\u00f3 su vinculaci\u00f3n a proceso por violencia familiar agravada.<\/p>\n\n\n\n<p>Los hechos por los que se investiga a un hombre identificado como Rafael \u201cN\u201d, ocurrieron en la comunidad Llanitos, en Zimap\u00e1n, el 12 de abril, cuando el citado agredi\u00f3 a su v\u00edctima, a quien amenaz\u00f3 con arma de fuego, que posteriormente accion\u00f3.<\/p>\n\n\n\n<p>Procuradur\u00eda General de Justicia del estado de Hidalgo (PGJEH) tom\u00f3 conocimiento de lo ocurrido e inici\u00f3 la carpeta de investigaci\u00f3n.<\/p>\n\n\n\n<p>Con ello, agentes del Ministerio P\u00fablico adscritos a la Subprocuradur\u00eda de Procedimientos Penales regi\u00f3n poniente recabaron los datos de prueba en contra de Rafael \u201cN\u201d, mismos que sirvieron para que el juez de control dictara la vinculaci\u00f3n a proceso.<\/p>\n\n\n\n<p>En este momento, el probable culpable cumple con la medida cautelar de prisi\u00f3n preventiva justificada, ordenada por la autoridad judicial quien fij\u00f3 un plazo de dos meses para el cierre de la investigaci\u00f3n complementaria.<\/p>\n","protected":false},"excerpt":{"rendered":"<p>Al momento el hombre cumple con medida cautelar de prisi\u00f3n preventiva justificada<\/p>\n","protected":false},"author":93,"featured_media":0,"comment_status":"closed","ping_status":"open","sticky":false,"template":"","format":"standard","meta":{"footnotes":""},"categories":[37],"tags":[],"class_list":["post-118385","post","type-post","status-publish","format-standard","hentry","category-barandilla"],"_links":{"self":[{"href":"https:\/\/plazajuarez.mx\/historico\/wp-json\/wp\/v2\/posts\/118385","targetHints":{"allow":["GET"]}}],"collection":[{"href":"https:\/\/plazajuarez.mx\/historico\/wp-json\/wp\/v2\/posts"}],"about":[{"href":"https:\/\/plazajuarez.mx\/historico\/wp-json\/wp\/v2\/types\/post"}],"author":[{"embeddable":true,"href":"https:\/\/plazajuarez.mx\/historico\/wp-json\/wp\/v2\/users\/93"}],"replies":[{"embeddable":true,"href":"https:\/\/plazajuarez.mx\/historico\/wp-json\/wp\/v2\/comments?post=118385"}],"version-history":[{"count":0,"href":"https:\/\/plazajuarez.mx\/historico\/wp-json\/wp\/v2\/posts\/118385\/revisions"}],"wp:attachment":[{"href":"https:\/\/plazajuarez.mx\/historico\/wp-json\/wp\/v2\/media?parent=118385"}],"wp:term":[{"taxonomy":"category","embeddable":true,"href":"https:\/\/plazajuarez.mx\/historico\/wp-json\/wp\/v2\/categories?post=118385"},{"taxonomy":"post_tag","embeddable":true,"href":"https:\/\/plazajuarez.mx\/historico\/wp-json\/wp\/v2\/tags?post=118385"}],"curies":[{"name":"wp","href":"https:\/\/api.w.org\/{rel}","templated":true}]}}