{"id":118292,"date":"2020-06-15T06:00:00","date_gmt":"2020-06-15T11:00:00","guid":{"rendered":"https:\/\/plazajuarez.mx\/?p=118292"},"modified":"2020-06-15T00:52:12","modified_gmt":"2020-06-15T05:52:12","slug":"numeros-claros-26","status":"publish","type":"post","link":"https:\/\/plazajuarez.mx\/historico\/numeros-claros-26\/","title":{"rendered":"N\u00fameros claros"},"content":{"rendered":"\n<h2 class=\"wp-block-heading\"><strong>Covid-19: Riesgos de la vuelta a la \u201cNueva Normalidad\u201d<\/strong><\/h2>\n\n\n\n<!--more-->\n\n\n\n<p>Con m\u00e1s de 7 millones 910 mil casos de Covid-19 en el mundo y m\u00e1s de 434 mil 368 muertes, en medio de acusaciones de los ciudadanos hacia sus gobiernos por negligencia, desde Madrid hasta Berl\u00edn, se pone fin al confinamiento con promesas de sus dirigentes de reconstruir las econom\u00edas devastadas por la pandemia. Se trata de una guerra sanitaria que ha sacudido las entra\u00f1as de los sistemas de salud y las econom\u00edas de todas las naciones; ahora cada jefe de gobierno o de Estado, de acuerdo a la estrategia adoptada, se dispone a levantar el confinamiento en sus pa\u00edses y poner la maquinaria econ\u00f3mica en marcha, sin saber cu\u00e1l ser\u00e1 su costo.<\/p>\n\n\n\n<p>Como en una guerra, no se puede soportar el asedio del enemigo durante meses sin ripostar; llegado el momento, bajo una estrategia para evitar el mayor n\u00famero de bajas posible y preservar la vida de la mayor\u00eda de los soldados, se decide romper el asedio; pero todo ello, bajo un plan correctamente trazado y previstas todas las externalidades del mismo; sabiendo qu\u00e9 hacer en cada momento y considerando las diversas variables, para poner en pr\u00e1ctica las alternativas frente al fracaso de las proyecciones iniciales.<\/p>\n\n\n\n<p>La pregunta es \u00bfQui\u00e9n ha elegido la mejor estrategia en esta guerra contra el Covid-19?; si en principio hay cuestionamientos sobre la reacci\u00f3n tard\u00eda de muchos gobiernos frente al nuevo Coronavirus y las medidas adoptadas, los gobiernos tendr\u00e1n que prepararse para enfrentar las nuevas cr\u00edticas por haber levantado la cuarentena cuando se multipliquen los contagios y las muertes; lo que probablemente conduzca a la ca\u00edda de m\u00e1s de un gobierno, como el de Brasil, por ejemplo, donde el Covid-19 ha segado la vida de m\u00e1s de 42 mil 833.<\/p>\n\n\n\n<p>Relanzar las actividades econ\u00f3micas, permitir los viajes entre pa\u00edses sin cuarentena de los viajeros a la llegada, permitir el turismo, todo ello ser\u00e1 como darle al enemigo la posibilidad de moverse con impunidad entre la humanidad. No ser\u00e1n s\u00f3lo los hombres de negocios y turistas los que expongan sus vidas en este nuevo viaje de la humanidad hacia la \u201cnueva normalidad\u201d, \u00a1no!, ser\u00e1 la de los m\u00e1s pobres del planeta, la de los m\u00e1s necesitados que hasta hoy se han mantenido a salvo aislados de los hombres de negocios y turistas que transitan de aeropuerto en aeropuerto, de ciudad a ciudad y de pa\u00eds en pa\u00eds, llevando, sin saberlo, la muerte en sus espaldas.<\/p>\n\n\n\n<p>De este modo, mientras los Estados Unidos y los europeos invierten enormes sumas de dinero en la investigaci\u00f3n cient\u00edfica para encontrar una vacuna contra el Covid-19, los pa\u00edses de \u00c1frica, Asia, Am\u00e9rica Latina y el caribe, pueden ser los pr\u00f3ximos receptores de la expansi\u00f3n del nuevo Coronavirus entre su poblaci\u00f3n, sin que puedan contar con los recursos e infraestructura sanitaria suficiente para hacer frente a este reto.<\/p>\n\n\n\n<p>Esta semana pasada, Alemania, Francia, Italia y los Pa\u00edses Bajos firmaron un acuerdo con el grupo farmac\u00e9utico AstraZeneca para garantizar el suministro a la UE de 300 millones de dosis de una posible vacuna contra el coronavirus; as\u00ed lo anunci\u00f3 el s\u00e1bado pasado el gobierno alem\u00e1n. La pregunta es, de nuevo, \u00bfQu\u00e9 est\u00e1n haciendo los pa\u00edses de Am\u00e9rica Latina para hacer frente a este problema?, \u00a1quiz\u00e1 esperando que los pa\u00edses desarrollados tengan compasi\u00f3n de su pobreza y les brinden acceso a una probable vacuna? La ONU ha planteado que una vacuna contra el Covid-19 debe ser patrimonio de la humanidad, pero cu\u00e1ntos gobiernos de los pa\u00edses desarrollados piensan lo mismo o est\u00e1n de acuerdo con ello.<\/p>\n\n\n\n<p>M\u00e9xico avanza hacia la \u201cnueva normalidad\u201d, pero no hay certeza que no se multipliquen los casos y terminen desbordando la capacidad instalada de camas y respiradores artificiales. Nada est\u00e1 escrito, pero en un pa\u00eds con m\u00e1s de 130 millones de habitantes y una capital con m\u00e1s de 20 millones de personas, movi\u00e9ndose de un lugar a otro, los presagios sobre la supervivencia son sobrios.<\/p>\n\n\n\n<p>No es pesimismo, s\u00f3lo es la reflexi\u00f3n sobre la realidad de la mayor\u00eda de los mexicanos, mandados a la guerra contra el COVID-19 sin armas para defenderse, que no sean otras que las medidas de un protocolo de salud que pocos obedecen y la incertidumbre sobre si, llegado el momento, ser\u00e1n recibidos en alg\u00fan hospital para salvar sus vidas.<\/p>\n","protected":false},"excerpt":{"rendered":"<p>Covid-19: Riesgos de la vuelta a la \u201cNueva Normalidad\u201d<\/p>\n","protected":false},"author":84,"featured_media":0,"comment_status":"closed","ping_status":"open","sticky":false,"template":"","format":"standard","meta":{"footnotes":""},"categories":[45,42],"tags":[],"class_list":["post-118292","post","type-post","status-publish","format-standard","hentry","category-jose-luis-ortiz-santillan","category-nuestrapalabra"],"_links":{"self":[{"href":"https:\/\/plazajuarez.mx\/historico\/wp-json\/wp\/v2\/posts\/118292","targetHints":{"allow":["GET"]}}],"collection":[{"href":"https:\/\/plazajuarez.mx\/historico\/wp-json\/wp\/v2\/posts"}],"about":[{"href":"https:\/\/plazajuarez.mx\/historico\/wp-json\/wp\/v2\/types\/post"}],"author":[{"embeddable":true,"href":"https:\/\/plazajuarez.mx\/historico\/wp-json\/wp\/v2\/users\/84"}],"replies":[{"embeddable":true,"href":"https:\/\/plazajuarez.mx\/historico\/wp-json\/wp\/v2\/comments?post=118292"}],"version-history":[{"count":0,"href":"https:\/\/plazajuarez.mx\/historico\/wp-json\/wp\/v2\/posts\/118292\/revisions"}],"wp:attachment":[{"href":"https:\/\/plazajuarez.mx\/historico\/wp-json\/wp\/v2\/media?parent=118292"}],"wp:term":[{"taxonomy":"category","embeddable":true,"href":"https:\/\/plazajuarez.mx\/historico\/wp-json\/wp\/v2\/categories?post=118292"},{"taxonomy":"post_tag","embeddable":true,"href":"https:\/\/plazajuarez.mx\/historico\/wp-json\/wp\/v2\/tags?post=118292"}],"curies":[{"name":"wp","href":"https:\/\/api.w.org\/{rel}","templated":true}]}}