{"id":118281,"date":"2020-06-15T06:00:00","date_gmt":"2020-06-15T11:00:00","guid":{"rendered":"https:\/\/plazajuarez.mx\/?p=118281"},"modified":"2020-06-15T00:47:38","modified_gmt":"2020-06-15T05:47:38","slug":"realizan-foro-hacia-nueva-ley-de-educacion-estatal","status":"publish","type":"post","link":"https:\/\/plazajuarez.mx\/historico\/realizan-foro-hacia-nueva-ley-de-educacion-estatal\/","title":{"rendered":"Realizan foro hacia nueva Ley de Educaci\u00f3n Estatal"},"content":{"rendered":"\n<ul class=\"wp-block-list\"><li><strong>Pide Ricardo Rivera, de Coparmex, que el Congreso pueda discutir la armonizaci\u00f3n de la Ley Estatal en lo concerniente a las escuelas privadas\u00a0<\/strong><\/li><\/ul>\n\n\n\n<!--more-->\n\n\n\n<p>Con el objetivo de generar un espacio de opini\u00f3n previo a los cambios en la legislaci\u00f3n educativa, la Confederaci\u00f3n Patronal de la Rep\u00fablica Mexicana (Coparmex) en Hidalgo realiz\u00f3 una mesa de di\u00e1logo, esto con la intenci\u00f3n de que estos cambios no presenten ambig\u00fcedades respecto a las escuelas particulares, en el que se prev\u00e9 formen parte del sistema educativo estatal.\u00a0<\/p>\n\n\n\n<p>De acuerdo con el presidente de la Coparmex Hidalgo, Ricardo Rivera Barqu\u00edn, el art\u00edculo 103 de la propuesta de Ley de Educaci\u00f3n de Hidalgo, refiere que los bienes muebles e inmuebles destinados a la educaci\u00f3n impartida por instituciones p\u00fablicas y privadas con reconocimiento de validez, adem\u00e1s de los servicios instalados para proporcionar este derecho, formar\u00e1n parte del sistema educativo estatal.&nbsp;<\/p>\n\n\n\n<p>En ese sentido, el l\u00edder patronal en Hidalgo reuni\u00f3 a la Federaci\u00f3n de Escuelas Particulares de Hidalgo, la Asociaci\u00f3n Nacional de Escuelas Preparatorias Particulares Incorporadas a la Secretar\u00eda de Educaci\u00f3n P\u00fablica (SEP), a universidades privadas y representantes de 100 instituciones particulares con el diputado local Julio Valera Piedras.&nbsp;<\/p>\n\n\n\n<p>Ante el legislador, Rivera Barqu\u00edn manifest\u00f3 que la emergencia sanitaria representa la oportunidad de renovar la alianza entre estudiantes, familias, docentes y autoridades, y que por ello resulta preocupante que la propuesta de ley, el cual fue presentado ante el Congreso el pasado 11 de junio, pueda presentar ambig\u00fcedades en cuanto a una posible incorporaci\u00f3n de la educaci\u00f3n particular al sistema estatal.&nbsp;<\/p>\n\n\n\n<p>Bajo esa misma tesitura, present\u00f3 una serie de tres adecuaciones a la ley: la primera en la que se admite que la infraestructura educativa particular forme parte del registro, pero sin afectar la propiedad jur\u00eddica y conservando su car\u00e1cter patrimonial original; el segundo, que el sistema educativo sea integrado para fines de informaci\u00f3n, planeaci\u00f3n y estad\u00edstica.&nbsp;<\/p>\n\n\n\n<p>Y en la tercera adecuaci\u00f3n, el presidente Rivera remarc\u00f3 que en el apartado donde los particulares deben acreditar que los inmuebles cuenten con la seguridad jur\u00eddica en cuanto a su disposici\u00f3n y que se le d\u00e9 el uso educativo, que este elemento debe servir para otorgar certeza a las autoridades de que las propiedades est\u00e9n a su nombre y en disponibilidad para la materia educativa.&nbsp;<\/p>\n","protected":false},"excerpt":{"rendered":"<p>Pide Ricardo Rivera, de Coparmex, que el Congreso pueda discutir la armonizaci\u00f3n de la Ley Estatal en lo concerniente a las escuelas privadas\u00a0<\/p>\n","protected":false},"author":93,"featured_media":0,"comment_status":"closed","ping_status":"open","sticky":false,"template":"","format":"standard","meta":{"footnotes":""},"categories":[59],"tags":[],"class_list":["post-118281","post","type-post","status-publish","format-standard","hentry","category-general"],"_links":{"self":[{"href":"https:\/\/plazajuarez.mx\/historico\/wp-json\/wp\/v2\/posts\/118281","targetHints":{"allow":["GET"]}}],"collection":[{"href":"https:\/\/plazajuarez.mx\/historico\/wp-json\/wp\/v2\/posts"}],"about":[{"href":"https:\/\/plazajuarez.mx\/historico\/wp-json\/wp\/v2\/types\/post"}],"author":[{"embeddable":true,"href":"https:\/\/plazajuarez.mx\/historico\/wp-json\/wp\/v2\/users\/93"}],"replies":[{"embeddable":true,"href":"https:\/\/plazajuarez.mx\/historico\/wp-json\/wp\/v2\/comments?post=118281"}],"version-history":[{"count":0,"href":"https:\/\/plazajuarez.mx\/historico\/wp-json\/wp\/v2\/posts\/118281\/revisions"}],"wp:attachment":[{"href":"https:\/\/plazajuarez.mx\/historico\/wp-json\/wp\/v2\/media?parent=118281"}],"wp:term":[{"taxonomy":"category","embeddable":true,"href":"https:\/\/plazajuarez.mx\/historico\/wp-json\/wp\/v2\/categories?post=118281"},{"taxonomy":"post_tag","embeddable":true,"href":"https:\/\/plazajuarez.mx\/historico\/wp-json\/wp\/v2\/tags?post=118281"}],"curies":[{"name":"wp","href":"https:\/\/api.w.org\/{rel}","templated":true}]}}