{"id":118274,"date":"2020-06-15T06:00:00","date_gmt":"2020-06-15T11:00:00","guid":{"rendered":"https:\/\/plazajuarez.mx\/?p=118274"},"modified":"2020-06-15T00:43:35","modified_gmt":"2020-06-15T05:43:35","slug":"extienden-suspensiones-de-cortes-y-cobros-por-reconexion-de-agua","status":"publish","type":"post","link":"https:\/\/plazajuarez.mx\/historico\/extienden-suspensiones-de-cortes-y-cobros-por-reconexion-de-agua\/","title":{"rendered":"Extienden suspensiones de cortes y cobros por reconexi\u00f3n de agua"},"content":{"rendered":"\n<ul class=\"wp-block-list\"><li><strong>La acci\u00f3n anterior forma parte del Operativo Escudo<\/strong><\/li><\/ul>\n\n\n\n<!--more-->\n\n\n\n<p>El gobernador del estado de Hidalgo, Omar Fayad Meneses, anunci\u00f3 que en apoyo a la econom\u00eda de las familias hidalguenses debido a la pandemia por el Covid-19, durante el mes de junio extienden las suspensiones de cortes y cobros por reconexi\u00f3n en el servicio de agua potable.<\/p>\n\n\n\n<p>La acci\u00f3n anterior forma parte del Operativo Escudo, implementado por ejecutivo estatal frente a la contingencia sanitaria. Esta actividad se realiza en conjunto de la Comisi\u00f3n de Agua y Alcantarillado de Sistemas Intermunicipales (Caasim), informado a trav\u00e9s de sus redes sociales oficiales.<\/p>\n\n\n\n<p>Esta medida fue informada por la Comisi\u00f3n y el gobierno estatal desde el mes de marzo, cuando inici\u00f3 el confinamiento por la contingencia sanitaria, sin embargo, la extendieron hasta junio.<\/p>\n\n\n\n<p>En tanto, las personas que necesiten realizar pagar, consultar y solicitar factura del pago, pueden hacerlo en l\u00ednea, a trav\u00e9s de un registro para acceder a los servicios, con el objetivo de que la poblaci\u00f3n contin\u00fae el resguardo en sus hogares.<\/p>\n\n\n\n<p>Asimismo, los servicios como el chatbot de atenci\u00f3n en WhatsApp y Facebook est\u00e1n a disposici\u00f3n de la poblaci\u00f3n, el cual opera las 24 horas y los siete d\u00edas de la semana, adem\u00e1s es gratuito.<\/p>\n","protected":false},"excerpt":{"rendered":"<p>La acci\u00f3n anterior forma parte del Operativo Escudo<\/p>\n","protected":false},"author":93,"featured_media":0,"comment_status":"closed","ping_status":"open","sticky":false,"template":"","format":"standard","meta":{"footnotes":""},"categories":[59],"tags":[],"class_list":["post-118274","post","type-post","status-publish","format-standard","hentry","category-general"],"_links":{"self":[{"href":"https:\/\/plazajuarez.mx\/historico\/wp-json\/wp\/v2\/posts\/118274","targetHints":{"allow":["GET"]}}],"collection":[{"href":"https:\/\/plazajuarez.mx\/historico\/wp-json\/wp\/v2\/posts"}],"about":[{"href":"https:\/\/plazajuarez.mx\/historico\/wp-json\/wp\/v2\/types\/post"}],"author":[{"embeddable":true,"href":"https:\/\/plazajuarez.mx\/historico\/wp-json\/wp\/v2\/users\/93"}],"replies":[{"embeddable":true,"href":"https:\/\/plazajuarez.mx\/historico\/wp-json\/wp\/v2\/comments?post=118274"}],"version-history":[{"count":0,"href":"https:\/\/plazajuarez.mx\/historico\/wp-json\/wp\/v2\/posts\/118274\/revisions"}],"wp:attachment":[{"href":"https:\/\/plazajuarez.mx\/historico\/wp-json\/wp\/v2\/media?parent=118274"}],"wp:term":[{"taxonomy":"category","embeddable":true,"href":"https:\/\/plazajuarez.mx\/historico\/wp-json\/wp\/v2\/categories?post=118274"},{"taxonomy":"post_tag","embeddable":true,"href":"https:\/\/plazajuarez.mx\/historico\/wp-json\/wp\/v2\/tags?post=118274"}],"curies":[{"name":"wp","href":"https:\/\/api.w.org\/{rel}","templated":true}]}}