{"id":118219,"date":"2020-06-15T06:00:00","date_gmt":"2020-06-15T11:00:00","guid":{"rendered":"https:\/\/plazajuarez.mx\/?p=118219"},"modified":"2020-06-14T23:51:16","modified_gmt":"2020-06-15T04:51:16","slug":"presentaran-flores-entre-penascos","status":"publish","type":"post","link":"https:\/\/plazajuarez.mx\/historico\/presentaran-flores-entre-penascos\/","title":{"rendered":"Presentar\u00e1n \u201cFlores entre pe\u00f1ascos\u201d"},"content":{"rendered":"\n<ul class=\"wp-block-list\"><li><strong>Se trata del poemario del autor atotonilquense, Carlos Rodr\u00edguez Tovar\u00a0\u00a0<\/strong><\/li><\/ul>\n\n\n\n<!--more-->\n\n\n\n<p><strong>ATOTONILCO DE TULA<\/strong>.- El escultor y poeta atotonilquense Carlos Rodr\u00edguez Tovar, en los pr\u00f3ximos d\u00edas llevar\u00e1 a cabo la presentaci\u00f3n del libro de poemas \u201cFlores entre pe\u00f1ascos\u201d, edici\u00f3n que compila una d\u00e9cada de poes\u00edas y fotograf\u00edas, creadas y capturas por el autor.<\/p>\n\n\n\n<p>El libro que es auspiciado por el Gobierno Municipal de Atotonilco de Tula que encabeza el alcalde Ra\u00fal L\u00f3pez Ram\u00edrez, es de la inspiraci\u00f3n de Rodr\u00edguez Tovar y que nace ante la inquietud de narrar las experiencias de sus viajes a los cerros, valles y ca\u00f1adas, de sus tristezas y alegr\u00edas, a\u00f1oranzas y encuentros, s\u00edntesis y ant\u00edtesis.<\/p>\n\n\n\n<p>Dijo que lo mismo habla de los migrantes, de la luna, del dolor que deja un amor perdido o a la felicidad de contar con otro. Adem\u00e1s de que ensalza a la mujer, a la ancianidad, la temporalidad de los meses, todo con el contexto de su querido Atotonilco de Tula, paisaje que converge entre la caliza y los cardones.<\/p>\n\n\n\n<p>En el libro podr\u00e1n leer versos de basalto, historias desdentadas, clavos oxidados e interrogantes sobre la condici\u00f3n de la naturaleza humana, \u201cque muchas veces emula al reptil, que por no tener nada que ofrecer, solo puede dar su veneno\u201d.<\/p>\n\n\n\n<p>\u201cAs\u00ed tambi\u00e9n hay luz, ternura e inocencia, vocablos que viajan en una barca estelar, lumbre que se atiza en los buenos momentos, que consume los rencores vivos, y que censura los murmullos, convirti\u00e9ndolos en potentes voces de verdad\u201d, explica.<\/p>\n\n\n\n<p>El material fotogr\u00e1fico de la obra, contempla flora, fauna, montes y llanos de Atotonilco de Tula, Valle del Mezquital en Hidalgo; adem\u00e1s de la sierra de Santiago Papasquiaro y Tepehuanes en Durango, y la sierra de Le\u00f3n en Guanajuato.<\/p>\n\n\n\n<p>Es vecinos de la comunidad de Conejos, perteneciente al municipio de Atotonilco de Tula y su mayor tiempo lo dedica a crear esculturas, dibujar,&nbsp; pintar al \u00f3leo,&nbsp; montar exposiciones, escribir poemas y narrativa, adem\u00e1s entrena a ni\u00f1os y ni\u00f1as en basquetbol.<\/p>\n\n\n\n<p>Finalmente, invit\u00f3 a la poblaci\u00f3n en general y en particular a la de su querido Atotonilco a que lean la edici\u00f3n de \u201cFlores entre pe\u00f1ascos\u201d, para \u201centrar en contacto con el esp\u00edritu del monte y la energ\u00eda de las culturas ancestrales\u201d.<\/p>\n","protected":false},"excerpt":{"rendered":"<p>Se trata del poemario del autor atotonilquense, Carlos Rodr\u00edguez Tovar\u00a0\u00a0<\/p>\n","protected":false},"author":71,"featured_media":0,"comment_status":"closed","ping_status":"open","sticky":false,"template":"","format":"standard","meta":{"footnotes":""},"categories":[40],"tags":[],"class_list":["post-118219","post","type-post","status-publish","format-standard","hentry","category-region"],"_links":{"self":[{"href":"https:\/\/plazajuarez.mx\/historico\/wp-json\/wp\/v2\/posts\/118219","targetHints":{"allow":["GET"]}}],"collection":[{"href":"https:\/\/plazajuarez.mx\/historico\/wp-json\/wp\/v2\/posts"}],"about":[{"href":"https:\/\/plazajuarez.mx\/historico\/wp-json\/wp\/v2\/types\/post"}],"author":[{"embeddable":true,"href":"https:\/\/plazajuarez.mx\/historico\/wp-json\/wp\/v2\/users\/71"}],"replies":[{"embeddable":true,"href":"https:\/\/plazajuarez.mx\/historico\/wp-json\/wp\/v2\/comments?post=118219"}],"version-history":[{"count":0,"href":"https:\/\/plazajuarez.mx\/historico\/wp-json\/wp\/v2\/posts\/118219\/revisions"}],"wp:attachment":[{"href":"https:\/\/plazajuarez.mx\/historico\/wp-json\/wp\/v2\/media?parent=118219"}],"wp:term":[{"taxonomy":"category","embeddable":true,"href":"https:\/\/plazajuarez.mx\/historico\/wp-json\/wp\/v2\/categories?post=118219"},{"taxonomy":"post_tag","embeddable":true,"href":"https:\/\/plazajuarez.mx\/historico\/wp-json\/wp\/v2\/tags?post=118219"}],"curies":[{"name":"wp","href":"https:\/\/api.w.org\/{rel}","templated":true}]}}