{"id":118212,"date":"2020-06-15T06:00:00","date_gmt":"2020-06-15T11:00:00","guid":{"rendered":"https:\/\/plazajuarez.mx\/?p=118212"},"modified":"2020-06-14T23:46:20","modified_gmt":"2020-06-15T04:46:20","slug":"despediran-a-200-en-el-ayuntamiento","status":"publish","type":"post","link":"https:\/\/plazajuarez.mx\/historico\/despediran-a-200-en-el-ayuntamiento\/","title":{"rendered":"Despedir\u00e1n a 200 en el ayuntamiento"},"content":{"rendered":"\n<ul class=\"wp-block-list\"><li><strong>Ante la falta de recaudaci\u00f3n de impuestos, el presidente municipal declar\u00f3 que el municipio est\u00e1 en n\u00fameros rojos\u00a0\u00a0\u00a0<\/strong><\/li><\/ul>\n\n\n\n<!--more-->\n\n\n\n<p><strong>TIZAYUCA.- <\/strong>El presidente municipal de Tizayuca, Gabriel Garc\u00eda Rojas, inform\u00f3 que habr\u00e1 un recorte en el personal en el ayuntamiento debido a que los n\u00fameros de la cuenta p\u00fablica est\u00e1n en rojo, los despidos ser\u00e1n a partir de quince de junio donde aproximadamente 200 personas dejar\u00e1n de brindar servicios.\u00a0<\/p>\n\n\n\n<p>El titular del ejecutivo municipal, expres\u00f3 que solicit\u00f3 pr\u00e9stamos para pagar las n\u00f3minas en el Estado pero la situaci\u00f3n es adversa en todos los municipios y har\u00e1 lo necesario para no dar de baja a m\u00e1s gente en el ayuntamiento.&nbsp;<\/p>\n\n\n\n<p>Finalmente, cabe destacar que los ciudadanos dejaron de pagar impuestos y no cuentan con dinero para pagar las n\u00f3minas, el personal de finanzas les dir\u00e1 quien son las personas que dejar\u00e1n de laborar lo anterior debido a que los habitantes no cuentan con los recursos por la cuarentena del Covid-19.<\/p>\n","protected":false},"excerpt":{"rendered":"<p>Ante la falta de recaudaci\u00f3n de impuestos, el presidente municipal declar\u00f3 que el municipio est\u00e1 en n\u00fameros rojos\u00a0\u00a0\u00a0<\/p>\n","protected":false},"author":78,"featured_media":0,"comment_status":"closed","ping_status":"open","sticky":false,"template":"","format":"standard","meta":{"footnotes":""},"categories":[40],"tags":[],"class_list":["post-118212","post","type-post","status-publish","format-standard","hentry","category-region"],"_links":{"self":[{"href":"https:\/\/plazajuarez.mx\/historico\/wp-json\/wp\/v2\/posts\/118212","targetHints":{"allow":["GET"]}}],"collection":[{"href":"https:\/\/plazajuarez.mx\/historico\/wp-json\/wp\/v2\/posts"}],"about":[{"href":"https:\/\/plazajuarez.mx\/historico\/wp-json\/wp\/v2\/types\/post"}],"author":[{"embeddable":true,"href":"https:\/\/plazajuarez.mx\/historico\/wp-json\/wp\/v2\/users\/78"}],"replies":[{"embeddable":true,"href":"https:\/\/plazajuarez.mx\/historico\/wp-json\/wp\/v2\/comments?post=118212"}],"version-history":[{"count":0,"href":"https:\/\/plazajuarez.mx\/historico\/wp-json\/wp\/v2\/posts\/118212\/revisions"}],"wp:attachment":[{"href":"https:\/\/plazajuarez.mx\/historico\/wp-json\/wp\/v2\/media?parent=118212"}],"wp:term":[{"taxonomy":"category","embeddable":true,"href":"https:\/\/plazajuarez.mx\/historico\/wp-json\/wp\/v2\/categories?post=118212"},{"taxonomy":"post_tag","embeddable":true,"href":"https:\/\/plazajuarez.mx\/historico\/wp-json\/wp\/v2\/tags?post=118212"}],"curies":[{"name":"wp","href":"https:\/\/api.w.org\/{rel}","templated":true}]}}