{"id":118211,"date":"2020-06-15T06:00:00","date_gmt":"2020-06-15T11:00:00","guid":{"rendered":"https:\/\/plazajuarez.mx\/?p=118211"},"modified":"2020-06-14T23:45:18","modified_gmt":"2020-06-15T04:45:18","slug":"hermanos-de-regidora-asesinados-a-disparos","status":"publish","type":"post","link":"https:\/\/plazajuarez.mx\/historico\/hermanos-de-regidora-asesinados-a-disparos\/","title":{"rendered":"Hermanos de regidora, asesinados a disparos"},"content":{"rendered":"\n<ul class=\"wp-block-list\"><li><strong>Tras montarse un operativo de b\u00fasqueda, no se logr\u00f3 dar con los responsables\u00a0\u00a0<\/strong><\/li><\/ul>\n\n\n\n<!--more-->\n\n\n\n<p><strong>Agua Blanca<\/strong>.- La madrugada de ayer, domingo, aproximadamente a las 3:00 horas, fueron acribillados dos hermanos de una regidora del municipio de Agua Blanca, que transitaban sobre un camino vecinal en las inmediaciones del Ejido Los Cubes.\u00a0<\/p>\n\n\n\n<p>De acuerdo con reportes emitidos por fuentes policiales, las v\u00edctimas de iniciales, F.C.G. y R.C.G., viajaban a bordo de una camioneta Ford F-350, color rojo, con placas de circulaci\u00f3n HH 7574F del Estado de Hidalgo, cuando presuntamente les dispararon desde otro veh\u00edculo, cuyos presuntos responsables se dieron a la fuga.&nbsp;<\/p>\n\n\n\n<p>Los lesionados por disparos de arma de fuego, identificados como Francisco &#8220;N&#8221; y Reyes &#8220;N&#8221;, fueron trasladados a las cl\u00ednicas tanto de Metepec, como la cl\u00ednica Santa Mar\u00eda de Tulancingo; sin embargo, minutos despu\u00e9s, ambos fueron reportados fallecidos.<\/p>\n\n\n\n<p>En tanto en el lugar de los hechos, los preventivos, acordonaron la zona del incidente y dieron inicio a las primeras diligencias, a la espera de los peritos de la Procuradur\u00eda General de Justicia del Estado de Hidalgo (PGJEH), quienes dieron continuidad a las pesquisas para integrarlas en la Carpeta \u00danica de Investigaci\u00f3n correspondiente por el delito de homicidio.<\/p>\n","protected":false},"excerpt":{"rendered":"<p>Tras montarse un operativo de b\u00fasqueda, no se logr\u00f3 dar con los responsables\u00a0\u00a0<\/p>\n","protected":false},"author":93,"featured_media":0,"comment_status":"closed","ping_status":"open","sticky":false,"template":"","format":"standard","meta":{"footnotes":""},"categories":[40],"tags":[],"class_list":["post-118211","post","type-post","status-publish","format-standard","hentry","category-region"],"_links":{"self":[{"href":"https:\/\/plazajuarez.mx\/historico\/wp-json\/wp\/v2\/posts\/118211","targetHints":{"allow":["GET"]}}],"collection":[{"href":"https:\/\/plazajuarez.mx\/historico\/wp-json\/wp\/v2\/posts"}],"about":[{"href":"https:\/\/plazajuarez.mx\/historico\/wp-json\/wp\/v2\/types\/post"}],"author":[{"embeddable":true,"href":"https:\/\/plazajuarez.mx\/historico\/wp-json\/wp\/v2\/users\/93"}],"replies":[{"embeddable":true,"href":"https:\/\/plazajuarez.mx\/historico\/wp-json\/wp\/v2\/comments?post=118211"}],"version-history":[{"count":0,"href":"https:\/\/plazajuarez.mx\/historico\/wp-json\/wp\/v2\/posts\/118211\/revisions"}],"wp:attachment":[{"href":"https:\/\/plazajuarez.mx\/historico\/wp-json\/wp\/v2\/media?parent=118211"}],"wp:term":[{"taxonomy":"category","embeddable":true,"href":"https:\/\/plazajuarez.mx\/historico\/wp-json\/wp\/v2\/categories?post=118211"},{"taxonomy":"post_tag","embeddable":true,"href":"https:\/\/plazajuarez.mx\/historico\/wp-json\/wp\/v2\/tags?post=118211"}],"curies":[{"name":"wp","href":"https:\/\/api.w.org\/{rel}","templated":true}]}}