{"id":118203,"date":"2020-06-15T06:00:00","date_gmt":"2020-06-15T11:00:00","guid":{"rendered":"https:\/\/plazajuarez.mx\/?p=118203"},"modified":"2020-06-14T23:35:04","modified_gmt":"2020-06-15T04:35:04","slug":"nico-castillo-destapa-a-sus-idolos-americanistas","status":"publish","type":"post","link":"https:\/\/plazajuarez.mx\/historico\/nico-castillo-destapa-a-sus-idolos-americanistas\/","title":{"rendered":"NICO CASTILLO DESTAPA A SUS \u00cdDOLOS AMERICANISTAS"},"content":{"rendered":"\n<ul class=\"wp-block-list\"><li><strong>En el video, Castillo comparti\u00f3 algunos momentos de su infancia<\/strong><\/li><\/ul>\n\n\n\n<!--more-->\n\n\n\n<p>Nicol\u00e1s Castillo revel\u00f3 que el ecuatoriano Christian Ben\u00edtez, fallecido en julio de 2013 por un paro cardiaco, y el paraguayo Salvador Caba\u00f1as, quien sobrevivi\u00f3 a un atentado en 2010, son sus jugadores favoritos que vistieron la camiseta del Am\u00e9rica.<\/p>\n\n\n\n<p>&#8220;Viendo la Libertadores, (Salvador) Caba\u00f1as, fue un incre\u00edble goleador, en Chile jug\u00f3 (Audax Italiano 2001-2003), referente de su Selecci\u00f3n. Tambi\u00e9n al \u2018Chucho\u2019 Ben\u00edtez lo conoc\u00ed, era incre\u00edble&#8221;, destac\u00f3 el delantero chileno en una charla que las \u00c1guilas compartieron en redes sociales.<\/p>\n\n\n\n<p>En el video, Castillo comparti\u00f3 algunos momentos de su infancia, de su llegada al f\u00fatbol profesional y la manera en que valora envolverse con la casaca nacional.<\/p>\n\n\n\n<p>&#8220;Con mis amigos disfrut\u00e9 bastante mi infancia, me alej\u00e9 por el tema del f\u00fatbol, pero se agradece el pasado. Recuerdo que desde chico jugu\u00e9 f\u00fatbol. <\/p>\n\n\n\n<p>Como a los nueve a\u00f1os jugaba en el club del barrio, pero ya en un equipo profesional como a los 11 \u00f3 12 que llegu\u00e9 a la U Cat\u00f3lica, hice inferiores y disfrut\u00e9 la experiencia de llegar a un plantel. Mi debut, a los 17 a\u00f1os, un partido de Copa Chile, es el segundo torneo m\u00e1s importante de Chile.<br><br><\/p>\n","protected":false},"excerpt":{"rendered":"<p>En el video, Castillo comparti\u00f3 algunos momentos de su infancia<\/p>\n","protected":false},"author":81,"featured_media":0,"comment_status":"closed","ping_status":"open","sticky":false,"template":"","format":"standard","meta":{"footnotes":""},"categories":[39],"tags":[],"class_list":["post-118203","post","type-post","status-publish","format-standard","hentry","category-deportiva"],"_links":{"self":[{"href":"https:\/\/plazajuarez.mx\/historico\/wp-json\/wp\/v2\/posts\/118203","targetHints":{"allow":["GET"]}}],"collection":[{"href":"https:\/\/plazajuarez.mx\/historico\/wp-json\/wp\/v2\/posts"}],"about":[{"href":"https:\/\/plazajuarez.mx\/historico\/wp-json\/wp\/v2\/types\/post"}],"author":[{"embeddable":true,"href":"https:\/\/plazajuarez.mx\/historico\/wp-json\/wp\/v2\/users\/81"}],"replies":[{"embeddable":true,"href":"https:\/\/plazajuarez.mx\/historico\/wp-json\/wp\/v2\/comments?post=118203"}],"version-history":[{"count":0,"href":"https:\/\/plazajuarez.mx\/historico\/wp-json\/wp\/v2\/posts\/118203\/revisions"}],"wp:attachment":[{"href":"https:\/\/plazajuarez.mx\/historico\/wp-json\/wp\/v2\/media?parent=118203"}],"wp:term":[{"taxonomy":"category","embeddable":true,"href":"https:\/\/plazajuarez.mx\/historico\/wp-json\/wp\/v2\/categories?post=118203"},{"taxonomy":"post_tag","embeddable":true,"href":"https:\/\/plazajuarez.mx\/historico\/wp-json\/wp\/v2\/tags?post=118203"}],"curies":[{"name":"wp","href":"https:\/\/api.w.org\/{rel}","templated":true}]}}