{"id":118202,"date":"2020-06-15T06:00:00","date_gmt":"2020-06-15T11:00:00","guid":{"rendered":"https:\/\/plazajuarez.mx\/?p=118202"},"modified":"2020-06-14T23:32:35","modified_gmt":"2020-06-15T04:32:35","slug":"aaron-padilla-mundialista-en-1966-y-1970-fallecio-por-covid-19","status":"publish","type":"post","link":"https:\/\/plazajuarez.mx\/historico\/aaron-padilla-mundialista-en-1966-y-1970-fallecio-por-covid-19\/","title":{"rendered":"Aaron Padilla, mundialista en 1966 y 1970, falleci\u00f3 por Covid-19"},"content":{"rendered":"\n<ul class=\"wp-block-list\"><li><strong>El f\u00fatbol mexicano se reanudar\u00e1 el 24 de julio con los estadios sin p\u00fablico para huir del virus que registra en el pa\u00eds 12.690 casos con 16.872 fallecidos<\/strong><\/li><\/ul>\n\n\n\n<!--more-->\n\n\n\n<p>El ex futbolista mexicano Aar\u00f3n Padilla, quien jug\u00f3 los mundiales de Inglaterra&#8217;66 y M\u00e9xico&#8217;70, falleci\u00f3 este domingo a los 77 a\u00f1os, v\u00edctima de la Covid-19, anunci\u00f3 la Liga Mx.<\/p>\n\n\n\n<p>&#8220;Expresamos nuestras m\u00e1s sinceras condolencias por el sensible fallecimiento del Sr Aar\u00f3n Padilla, extraordinario ser humano e \u00edcono del balompi\u00e9 nacional&#8221;, escribi\u00f3 la Liga en su p\u00e1gina web en la que calific\u00f3 al jugador retirado como maravilloso amigo y parte esencial de la familia del f\u00fatbol en M\u00e9xico.<\/p>\n\n\n\n<p>Hace tres d\u00edas Padilla fue reportado grave por complicaciones del coronavirus con otros padecimientos.<\/p>\n\n\n\n<p>Nacido en la Ciudad de M\u00e9xico, el &#8220;Gansito&#8221; fue un destacado extremo izquierdo en la d\u00e9cada de los a\u00f1os 60 y 70 que se form\u00f3 en la cantera de los Pumas UNAM y adem\u00e1s visti\u00f3 las camisetas del Atlante y el Veracruz.<\/p>\n\n\n\n<p>Despu\u00e9s de retirado, Padilla se desempe\u00f1\u00f3 como directivo de algunos equipos y tuvo cargos en la Federaci\u00f3n Mexicana de F\u00fatbol.<\/p>\n\n\n\n<p>Su fallecimiento es el primero de alguien de la familia del f\u00fatbol por la COVID-19, luego de que el presidente de la Liga Mx, Enrique Bonilla, y el presidente del San Luis, Alberto Marrero, se recuperaron de la enfermedad.<\/p>\n\n\n\n<p>A pesar de que los jugadores han estado aislados, se registran alrededor de 30 casos de positivos de coronavirus entre futbolistas, estrategas o integrantes de varios equipos de Primera divisi\u00f3n, entre ellos 15 del Santos Laguna, la mayor\u00eda ya recuperados.<\/p>\n\n\n\n<p>Los equipos de la liga mexicana est\u00e1n cumpliendo el protocolo de salud y aunque la mayor\u00eda ya se entrena o tiene fecha de regreso a las concentraciones para el Apertura 2020, lo har\u00e1 de manera limitada con respeto a las exigencias para evitar el contagio de la pandemia. EFE&nbsp;<\/p>\n","protected":false},"excerpt":{"rendered":"<p>El f\u00fatbol mexicano se reanudar\u00e1 el 24 de julio con los estadios sin p\u00fablico para huir del virus que registra en el pa\u00eds 12.690 casos con 16.872 fallecidos<\/p>\n","protected":false},"author":80,"featured_media":0,"comment_status":"closed","ping_status":"open","sticky":false,"template":"","format":"standard","meta":{"footnotes":""},"categories":[39],"tags":[],"class_list":["post-118202","post","type-post","status-publish","format-standard","hentry","category-deportiva"],"_links":{"self":[{"href":"https:\/\/plazajuarez.mx\/historico\/wp-json\/wp\/v2\/posts\/118202","targetHints":{"allow":["GET"]}}],"collection":[{"href":"https:\/\/plazajuarez.mx\/historico\/wp-json\/wp\/v2\/posts"}],"about":[{"href":"https:\/\/plazajuarez.mx\/historico\/wp-json\/wp\/v2\/types\/post"}],"author":[{"embeddable":true,"href":"https:\/\/plazajuarez.mx\/historico\/wp-json\/wp\/v2\/users\/80"}],"replies":[{"embeddable":true,"href":"https:\/\/plazajuarez.mx\/historico\/wp-json\/wp\/v2\/comments?post=118202"}],"version-history":[{"count":0,"href":"https:\/\/plazajuarez.mx\/historico\/wp-json\/wp\/v2\/posts\/118202\/revisions"}],"wp:attachment":[{"href":"https:\/\/plazajuarez.mx\/historico\/wp-json\/wp\/v2\/media?parent=118202"}],"wp:term":[{"taxonomy":"category","embeddable":true,"href":"https:\/\/plazajuarez.mx\/historico\/wp-json\/wp\/v2\/categories?post=118202"},{"taxonomy":"post_tag","embeddable":true,"href":"https:\/\/plazajuarez.mx\/historico\/wp-json\/wp\/v2\/tags?post=118202"}],"curies":[{"name":"wp","href":"https:\/\/api.w.org\/{rel}","templated":true}]}}