{"id":118193,"date":"2020-06-15T06:00:00","date_gmt":"2020-06-15T11:00:00","guid":{"rendered":"https:\/\/plazajuarez.mx\/?p=118193"},"modified":"2020-06-14T20:47:10","modified_gmt":"2020-06-15T01:47:10","slug":"cine-de-ayer-16","status":"publish","type":"post","link":"https:\/\/plazajuarez.mx\/historico\/cine-de-ayer-16\/","title":{"rendered":"CINE DE AYER"},"content":{"rendered":"\n<h2 class=\"wp-block-heading\"><strong>Recordando al Doctor Who\u00a0<\/strong><\/h2>\n\n\n\n<ul class=\"wp-block-list\"><li>El gui\u00f3n de Terry Nation rescata a unos de los enemigos m\u00e1s temibles del doctor: Los Daleks, una raza guerrera que solamente piensa en destruirlo todo<\/li><\/ul>\n\n\n\n<!--more-->\n\n\n\n<p>He de confesar que una de las series de televisi\u00f3n favoritas de mi adolescencia era la brit\u00e1nica Doctor Who, al que en M\u00e9xico bautizaron como Doctor Misterio. Pero de buenas a primeras el secretario de Gobernaci\u00f3n de ese entonces Luis Echeverr\u00eda, decidi\u00f3 prohibir esa serie y otras como Ultraman, \u201cpor considerarlas violentas\u201d, sin percatarse hip\u00f3critamente, que la verdadera violencia la ejercer\u00eda \u00e9l contra los estudiantes.<\/p>\n\n\n\n<p>La original serie de la BBC narraba la historia del maestro del tiempo del planeta Gallifrey que viajaba a bordo de la Tardis para salvar a la humanidad de diversos peligros. Tuvo varias etapas en las que el cient\u00edfico reencarnaba en otra persona y acaba de cumplir 50 a\u00f1os, con la novedad de que ahora ser\u00e1 una doctora.<\/p>\n\n\n\n<p>Dentro de los festejos por el medio siglo, se ha rescatado una pel\u00edcula de Gordon Flemyng filmada en 1965 y que se puede ver en Youtube. Doctor Who y Los Daleks, que nunca se exhibi\u00f3 en M\u00e9xico.<\/p>\n\n\n\n<p>El gui\u00f3n de Terry Nation rescata a unos de los enemigos m\u00e1s temibles del doctor: Los Daleks, una raza guerrera que solamente piensa en destruir.<\/p>\n\n\n\n<p>Curiosamente ninguno de los int\u00e9rpretes de la serie que era estelarizada por William Hartnell. fue contratado para la aventura f\u00edlmica, Peter Cushing encarn\u00f3 al cient\u00edfico que junto con su nieta Susan (Roberta Tovey), B\u00e1rbara (Jennie Linden) y su novio Ian (Roy Castle) llegan a un planeta semidestruido por una guerra at\u00f3mica, en el que Los Daleks quieren acabar con los pac\u00edficos sobrevivientes Thugs.<\/p>\n\n\n\n<p>El filme es un p\u00e1lido reflejo de la serie que est\u00e1 por llegar a los mil episodios, pero sobre todo de los temibles Daleks que retornar\u00edan un a\u00f1o despu\u00e9s en Invasi\u00f3n a la tierra, pero esa es ya otra historia.&nbsp;&nbsp;&nbsp;&nbsp;&nbsp;<\/p>\n","protected":false},"excerpt":{"rendered":"<p>Recordando al Doctor Who\u00a0 El gui\u00f3n de Terry Nation rescata a unos de los enemigos m\u00e1s temibles del doctor: Los Daleks, una raza guerrera que solamente piensa en destruirlo todo<\/p>\n","protected":false},"author":96,"featured_media":0,"comment_status":"closed","ping_status":"open","sticky":false,"template":"","format":"standard","meta":{"footnotes":""},"categories":[41,54,42],"tags":[],"class_list":["post-118193","post","type-post","status-publish","format-standard","hentry","category-arteria-cultural","category-jorge-carrasco","category-nuestrapalabra"],"_links":{"self":[{"href":"https:\/\/plazajuarez.mx\/historico\/wp-json\/wp\/v2\/posts\/118193","targetHints":{"allow":["GET"]}}],"collection":[{"href":"https:\/\/plazajuarez.mx\/historico\/wp-json\/wp\/v2\/posts"}],"about":[{"href":"https:\/\/plazajuarez.mx\/historico\/wp-json\/wp\/v2\/types\/post"}],"author":[{"embeddable":true,"href":"https:\/\/plazajuarez.mx\/historico\/wp-json\/wp\/v2\/users\/96"}],"replies":[{"embeddable":true,"href":"https:\/\/plazajuarez.mx\/historico\/wp-json\/wp\/v2\/comments?post=118193"}],"version-history":[{"count":0,"href":"https:\/\/plazajuarez.mx\/historico\/wp-json\/wp\/v2\/posts\/118193\/revisions"}],"wp:attachment":[{"href":"https:\/\/plazajuarez.mx\/historico\/wp-json\/wp\/v2\/media?parent=118193"}],"wp:term":[{"taxonomy":"category","embeddable":true,"href":"https:\/\/plazajuarez.mx\/historico\/wp-json\/wp\/v2\/categories?post=118193"},{"taxonomy":"post_tag","embeddable":true,"href":"https:\/\/plazajuarez.mx\/historico\/wp-json\/wp\/v2\/tags?post=118193"}],"curies":[{"name":"wp","href":"https:\/\/api.w.org\/{rel}","templated":true}]}}