{"id":118190,"date":"2020-06-15T06:00:00","date_gmt":"2020-06-15T11:00:00","guid":{"rendered":"https:\/\/plazajuarez.mx\/?p=118190"},"modified":"2020-06-14T20:39:49","modified_gmt":"2020-06-15T01:39:49","slug":"la-lucha-por-la-supervivencia-de-la-opera-mexicana-silenciada","status":"publish","type":"post","link":"https:\/\/plazajuarez.mx\/historico\/la-lucha-por-la-supervivencia-de-la-opera-mexicana-silenciada\/","title":{"rendered":"La lucha por la supervivencia de la \u00f3pera mexicana, silenciada"},"content":{"rendered":"\n<ul class=\"wp-block-list\"><li><strong>Lo m\u00e1s importante en torno a la \u00f3pera mexicana es que se comprenda que es patrimonio de los mexicanos y que ya no es tiempo para seguir imponiendo la cultura europea<\/strong><\/li><\/ul>\n\n\n\n<!--more-->\n\n\n\n<p>M\u00e9xico ha sido y es la cuna de grandes artistas de muchos campos y la \u00f3pera es uno de ellos, sin embargo, poco se conoce sobre el desarrollo de esta disciplina art\u00edstica a la que muchos mexicanos dedicaron su vida pero sin poder conseguir un reconocimiento para la \u00f3pera hecha en el pa\u00eds.<\/p>\n\n\n\n<p>Despu\u00e9s de la llegada de los espa\u00f1oles a territorio mexicano en 1519, las costumbres y la cultura prehisp\u00e1nica se vio relegada a un segundo plano y en los siguientes siglos, seg\u00fan expertos consultados por Efe, el inter\u00e9s por lo extranjero empa\u00f1\u00f3 la creaci\u00f3n mexicana.<\/p>\n\n\n\n<p>En concreto, en el campo oper\u00edstico, la tradici\u00f3n italiana y luego otras, como la francesa, fueron preferidas incluso por mandatarios mexicanos que descalificaron la m\u00fasica hecha en M\u00e9xico y por mexicanos.<\/p>\n\n\n\n<p>&#8220;Nosotros no conservamos nuestros vestigios porque hubo una invasi\u00f3n y se cortaron todas estas manifestaciones art\u00edsticas. La imposici\u00f3n de la cultura europea es absoluta y total pero, sin embargo, la tendencia a la m\u00fasica queda&#8221;, explic\u00f3 en entrevista con Efe Enid Negrete, doctora en artes esc\u00e9nicas y directora del diplomado en \u00f3pera mexicana.<\/p>\n\n\n\n<p>Resuenan nombres como Manuel de Sumaya, Cenobio Paniagua o Luis Baca, compositores que crearon operas con elementos prehisp\u00e1nicos (aunque la mayor\u00eda al estilo italiano ante el aplastamiento de la cultura previa a la llegada de los espa\u00f1oles) pero que nunca llegaron a tener el reconocimiento merecido.<\/p>\n\n\n\n<p>Y aparece Aniceto Ortega (1825-1875), m\u00e9dico de profesi\u00f3n, cuya \u00f3pera &#8220;Guatimotzin&#8221; sobre Cuauht\u00e9moc, el \u00faltimo emperador resulta emblem\u00e1tica para los estudiosos como Samuel Maynez, m\u00fasico y periodista mexicano, quien cont\u00f3 a Efe que esta obra inclu\u00eda sonidos que Ortega comprend\u00eda como prehisp\u00e1nicos y tambi\u00e9n instrumentos de esta \u00e9poca.<\/p>\n\n\n\n<p><strong>Peque\u00f1os pasos para la difusi\u00f3n<\/strong><\/p>\n\n\n\n<p>A pesar de la imposici\u00f3n de la m\u00fasica europea, son muchos los investigadores que se han dedicado a indagar sobre la \u00f3pera mexicana pero el problema, de acuerdo a ambos expertos, es que este conocimiento rara vez puede llegar a la poblaci\u00f3n.<\/p>\n\n\n\n<p>&#8220;No se tiene el contacto con la gente que est\u00e9 interesada en esto y son raras las veces que se pueda difundir este contenido, pero es el patrimonio de todos los mexicanos&#8221;, expres\u00f3 Negrete.<\/p>\n\n\n\n<p>Por su parte, Maynez consider\u00f3 que tendr\u00eda que haber pol\u00edticas educativas enfocadas a que la sociedad comprendiese el poder de la cultura.<\/p>\n\n\n\n<p>A\u00fan as\u00ed, se mostr\u00f3 pesimista y dijo a d\u00eda de hoy los pol\u00edticos mexicanos &#8220;desechan todo lo que suene a alta cultura sin darse cuenta que la \u00f3pera ayuda para todo, desde al aprendizaje hasta al arraigo ciudadano&#8221;.<\/p>\n","protected":false},"excerpt":{"rendered":"<p>Lo m\u00e1s importante en torno a la \u00f3pera mexicana es que se comprenda que es patrimonio de los mexicanos y que ya no es tiempo para seguir imponiendo la cultura europea<\/p>\n","protected":false},"author":80,"featured_media":0,"comment_status":"closed","ping_status":"open","sticky":false,"template":"","format":"standard","meta":{"footnotes":""},"categories":[41],"tags":[],"class_list":["post-118190","post","type-post","status-publish","format-standard","hentry","category-arteria-cultural"],"_links":{"self":[{"href":"https:\/\/plazajuarez.mx\/historico\/wp-json\/wp\/v2\/posts\/118190","targetHints":{"allow":["GET"]}}],"collection":[{"href":"https:\/\/plazajuarez.mx\/historico\/wp-json\/wp\/v2\/posts"}],"about":[{"href":"https:\/\/plazajuarez.mx\/historico\/wp-json\/wp\/v2\/types\/post"}],"author":[{"embeddable":true,"href":"https:\/\/plazajuarez.mx\/historico\/wp-json\/wp\/v2\/users\/80"}],"replies":[{"embeddable":true,"href":"https:\/\/plazajuarez.mx\/historico\/wp-json\/wp\/v2\/comments?post=118190"}],"version-history":[{"count":0,"href":"https:\/\/plazajuarez.mx\/historico\/wp-json\/wp\/v2\/posts\/118190\/revisions"}],"wp:attachment":[{"href":"https:\/\/plazajuarez.mx\/historico\/wp-json\/wp\/v2\/media?parent=118190"}],"wp:term":[{"taxonomy":"category","embeddable":true,"href":"https:\/\/plazajuarez.mx\/historico\/wp-json\/wp\/v2\/categories?post=118190"},{"taxonomy":"post_tag","embeddable":true,"href":"https:\/\/plazajuarez.mx\/historico\/wp-json\/wp\/v2\/tags?post=118190"}],"curies":[{"name":"wp","href":"https:\/\/api.w.org\/{rel}","templated":true}]}}