{"id":118174,"date":"2020-06-15T06:00:00","date_gmt":"2020-06-15T11:00:00","guid":{"rendered":"https:\/\/plazajuarez.mx\/?p=118174"},"modified":"2020-06-14T23:52:13","modified_gmt":"2020-06-15T04:52:13","slug":"pulso-del-mezquital-39","status":"publish","type":"post","link":"https:\/\/plazajuarez.mx\/historico\/pulso-del-mezquital-39\/","title":{"rendered":"PULSO DEL MEZQUITAL"},"content":{"rendered":"\n<h2 class=\"wp-block-heading\">\u00a1Los ricos tambi\u00e9n lloran!<\/h2>\n\n\n\n<!--more-->\n\n\n\n<p>A decir de los resentidazos sociales, fif\u00eds somos muy aburridos y predecibles, que nos hace falta barrio y un poquito de impulso, para que nuestras manifestaciones puedan cuajar. De por s\u00ed dicen, que la <em>cream <\/em>de la <em>cream,<\/em> se ha identificado por ins\u00edpidos y faltos de imaginaci\u00f3n, por eso caemos gordos, por chocantes. Deber\u00edamos contratar a Lady Pizza, para que nos d\u00e9 unas clases de c\u00f3mo protestar, sacando al <em>Ecatepunk<\/em> que todos traemos dentro, pero que no nos atrevemos a mostrar, porque simplemente no sabemos c\u00f3mo hacerlo.&nbsp;<\/p>\n\n\n\n<p>L\u00f3gicamente, en estos tiempos en que el resentimiento social ha cobrado una fuerza brutal, no pueden ver que uno pueda superarse, de un tiempo a la fecha, est\u00e1 muy mal visto que uno sea <em>pipirisnais<\/em> y que uno ande en camionetas&nbsp; de modelos recientes, quej\u00e1ndonos por la falta de oportunidades. Ayer nuevamente la clase fif\u00ed, sali\u00f3 a las calles para protestar contra <em>AMLOBB<\/em>, quien ha sacado el Salinas que todos llevamos dentro, ni los ve ni los oye.<\/p>\n\n\n\n<p>Esto nos deja clara una cosa: que los ricos tambi\u00e9n lloran, se ofenden y hacen berrinche, pues a pesar de su poder econ\u00f3mico, no son ajenos al dolor causado por la tragedia humana y la tristeza, esa que da cuando no se tiene a la mano una copa de un buen vino tinto, un corte importado <em>car\u00edtsimo,<\/em> una botella de agua importada porque la Bonafont o la Ciel, si acaso sirven para algo, ser\u00eda para enfriar el radiador.&nbsp;<\/p>\n\n\n\n<p>Otro que tambi\u00e9n est\u00e1 perdiendo el estilo para protestar, es el presidente municipal de Ixmiquilpan, Pascual Charrez Pedraza, quien ha recurrido a la presi\u00f3n digital, por la simple raz\u00f3n de que las redes sociales se han convertido en el terreno m\u00e1s f\u00e9rtil de los reclamos y del resentimiento social, donde hay quien se queja desde la inseguridad, hasta de quien se haya comprado un paste de arroz con leche y le result\u00f3 de papa con carne, que en el lenguaje m\u00e1s vil del pueblo, eso significa que te dan gato por libre o camar\u00f3n por langosta.&nbsp;<\/p>\n\n\n\n<p>Y todo por unos condenados baches. El equipo del presidente municipal, a trav\u00e9s de su grupo de WhatsApp, se solicit\u00f3 extender la solicitud a sus agremiados y trabajadores del ayuntamiento, para reportar una cuenta de Facebook de un medio local y conseguir su suspensi\u00f3n. Envueltos en la bandera de Juan Escutia, se lanzaron contra el medio local, por evidenciar que la herencia m\u00e1s tangible de la administraci\u00f3n al actual alcalde, ser\u00e1n miles de baches en calles de la ciudad, donde por m\u00e1s que le echan ganas, nunca van a poder brillar en sociedad, todo por culpa del presidente en turno.&nbsp;<\/p>\n\n\n\n<p>Los que s\u00ed mantienen vigentes sus usos y costumbres, son los habitantes de L\u00f3pez Ray\u00f3n, una comunidad de Ixmiquilpan, quienes sacaron el estilo <em>Lady Pizza<\/em> que traen dentro, para protestar contra la Comisi\u00f3n Federal de Electricidad (CFE), llev\u00e1ndose retenidos a dos trabajadores y reclamar por el aumento del precio en el servicio.&nbsp;<\/p>\n\n\n\n<p><strong>S\u00edgame en Twitter<\/strong><\/p>\n\n\n\n<p>@MarkoCabanas<\/p>\n\n\n\n<p><strong>Mi correo<\/strong><strong><\/strong><\/p>\n\n\n\n<p>markorey2013@gmail.com<\/p>\n","protected":false},"excerpt":{"rendered":"<p>\u00a1Los ricos tambi\u00e9n lloran!<\/p>\n","protected":false},"author":75,"featured_media":0,"comment_status":"closed","ping_status":"open","sticky":false,"template":"","format":"standard","meta":{"footnotes":""},"categories":[87,42],"tags":[],"class_list":["post-118174","post","type-post","status-publish","format-standard","hentry","category-marco-cabanas","category-nuestrapalabra"],"_links":{"self":[{"href":"https:\/\/plazajuarez.mx\/historico\/wp-json\/wp\/v2\/posts\/118174","targetHints":{"allow":["GET"]}}],"collection":[{"href":"https:\/\/plazajuarez.mx\/historico\/wp-json\/wp\/v2\/posts"}],"about":[{"href":"https:\/\/plazajuarez.mx\/historico\/wp-json\/wp\/v2\/types\/post"}],"author":[{"embeddable":true,"href":"https:\/\/plazajuarez.mx\/historico\/wp-json\/wp\/v2\/users\/75"}],"replies":[{"embeddable":true,"href":"https:\/\/plazajuarez.mx\/historico\/wp-json\/wp\/v2\/comments?post=118174"}],"version-history":[{"count":0,"href":"https:\/\/plazajuarez.mx\/historico\/wp-json\/wp\/v2\/posts\/118174\/revisions"}],"wp:attachment":[{"href":"https:\/\/plazajuarez.mx\/historico\/wp-json\/wp\/v2\/media?parent=118174"}],"wp:term":[{"taxonomy":"category","embeddable":true,"href":"https:\/\/plazajuarez.mx\/historico\/wp-json\/wp\/v2\/categories?post=118174"},{"taxonomy":"post_tag","embeddable":true,"href":"https:\/\/plazajuarez.mx\/historico\/wp-json\/wp\/v2\/tags?post=118174"}],"curies":[{"name":"wp","href":"https:\/\/api.w.org\/{rel}","templated":true}]}}