{"id":118153,"date":"2020-06-14T13:33:43","date_gmt":"2020-06-14T18:33:43","guid":{"rendered":"https:\/\/plazajuarez.mx\/?p=118153"},"modified":"2020-06-14T14:20:30","modified_gmt":"2020-06-14T19:20:30","slug":"realizan-caravana-anti-amlo-en-pachuca","status":"publish","type":"post","link":"https:\/\/plazajuarez.mx\/historico\/realizan-caravana-anti-amlo-en-pachuca\/","title":{"rendered":"Realizan &#8220;Caravana anti AMLO&#8221; en Pachuca"},"content":{"rendered":"\n<ul class=\"wp-block-list\"><li><strong>Alrededor de 30 veh\u00edculos realizaron un recorrido por algunas de las principales calles de la capital hidalguense<\/strong><\/li><\/ul>\n\n\n\n<!--more-->\n\n\n\n<p>Con la participaci\u00f3n de alrededor de 30 veh\u00edculos la caravana del Frente Nacional Anti AMLO (Frena) en Pachuca exigi\u00f3 al sonido de claxon y con sus pancartas la renuncia del presidente Andr\u00e9s Manuel L\u00f3pez Obrador (AMLO) a qui\u00e9n tacharon de querer implementar un r\u00e9gimen comunista aunque otros se\u00f1alaban en sus pancartas el t\u00e9rmino \u201csocialista\u201d, y no falt\u00f3 el comentario racista hacia los m\u00e9dicos cubanos que acudieron a M\u00e9xico para apoyar en el tema de la pandemia del covid-19.<\/p>\n\n\n\n<p>Entre los automovilistas, destacaron algunos que tra\u00edan placas del Estado de M\u00e9xico, Ciudad de M\u00e9xico, Morelos, Quer\u00e9taro e incluso uno de Jalisco, otros utilizaron sus pancartas para esconder las placas de sus autom\u00f3viles, y tambi\u00e9n se not\u00f3 la presencia de un taxi color rosa de la Ciudad de M\u00e9xico, mismo que trat\u00f3 in\u00fatilmente de esconder sus logotipos ya que con una r\u00e1faga de aire qued\u00f3 al descubierto.&nbsp;<\/p>\n\n\n\n<p>En esta ocasi\u00f3n no descendieron de los veh\u00edculos ni ofrecieron entrevista a los medios de comunicaci\u00f3n locales que cubrieron la manifestaci\u00f3n. La caravana parti\u00f3 de un costado de la Plaza de Toros \u201cVicente Segura\u201d avanz\u00f3 sobre el bulevar Felipe \u00c1ngeles y entr\u00f3 por la avenida Revoluci\u00f3n para llegar hasta el centro hist\u00f3rico de Pachuca, ah\u00ed rodearon el reloj monumental y siguieron su marcha por la calle de Guerrero hasta llegar a Plaza Ju\u00e1rez en donde despu\u00e9s de dar una vuelta a su alrededor siguieron por avenida Ju\u00e1rez para regresar al punto de partida.&nbsp;<\/p>\n\n\n\n<p>Entre las pancartas se pod\u00edan leer mensajes como: \u00a1Fuera el comunismo!, \u00a1Fuera L\u00f3pez Obrador!, \u201cAMLO ya no polarices el pa\u00eds\u201d, \u201cAndr\u00e9s L\u00f3pez, En Hidalgo no te queremos\u201d, \u201c\u00a1No! a ser la Venezuela del norte\u201d, \u201cL\u00f3pez con los afores no te metas\u201d, \u201cNo quiero comer arroz y frijoles\u201d.<\/p>\n","protected":false},"excerpt":{"rendered":"<p>Alrededor de 30 veh\u00edculos realizaron un recorrido por algunas de las principales calles de la capital hidalguense<\/p>\n","protected":false},"author":72,"featured_media":0,"comment_status":"closed","ping_status":"open","sticky":false,"template":"","format":"standard","meta":{"footnotes":""},"categories":[15,59],"tags":[],"class_list":["post-118153","post","type-post","status-publish","format-standard","hentry","category-destacadas","category-general"],"_links":{"self":[{"href":"https:\/\/plazajuarez.mx\/historico\/wp-json\/wp\/v2\/posts\/118153","targetHints":{"allow":["GET"]}}],"collection":[{"href":"https:\/\/plazajuarez.mx\/historico\/wp-json\/wp\/v2\/posts"}],"about":[{"href":"https:\/\/plazajuarez.mx\/historico\/wp-json\/wp\/v2\/types\/post"}],"author":[{"embeddable":true,"href":"https:\/\/plazajuarez.mx\/historico\/wp-json\/wp\/v2\/users\/72"}],"replies":[{"embeddable":true,"href":"https:\/\/plazajuarez.mx\/historico\/wp-json\/wp\/v2\/comments?post=118153"}],"version-history":[{"count":0,"href":"https:\/\/plazajuarez.mx\/historico\/wp-json\/wp\/v2\/posts\/118153\/revisions"}],"wp:attachment":[{"href":"https:\/\/plazajuarez.mx\/historico\/wp-json\/wp\/v2\/media?parent=118153"}],"wp:term":[{"taxonomy":"category","embeddable":true,"href":"https:\/\/plazajuarez.mx\/historico\/wp-json\/wp\/v2\/categories?post=118153"},{"taxonomy":"post_tag","embeddable":true,"href":"https:\/\/plazajuarez.mx\/historico\/wp-json\/wp\/v2\/tags?post=118153"}],"curies":[{"name":"wp","href":"https:\/\/api.w.org\/{rel}","templated":true}]}}