{"id":118146,"date":"2020-06-14T06:00:00","date_gmt":"2020-06-14T11:00:00","guid":{"rendered":"https:\/\/plazajuarez.mx\/?p=118146"},"modified":"2020-06-13T21:46:52","modified_gmt":"2020-06-14T02:46:52","slug":"el-triste-semblante-de-la-reina-isabel-ii-en-su-cumpleanos","status":"publish","type":"post","link":"https:\/\/plazajuarez.mx\/historico\/el-triste-semblante-de-la-reina-isabel-ii-en-su-cumpleanos\/","title":{"rendered":"El triste semblante de la reina Isabel II en su cumplea\u00f1os"},"content":{"rendered":"\n<ul class=\"wp-block-list\"><li><strong>La reina Isabel II cumpli\u00f3 94 a\u00f1os el pasado 21 de abril, pero por tradici\u00f3n se celebra de manera nacional el aniversario del monarca en turno en el mes de junio<\/strong><\/li><\/ul>\n\n\n\n<!--more-->\n\n\n\n<p>Cada a\u00f1o, sin falta, el 13 de junio se celebra el cumplea\u00f1os del monarca de Reino Unido. Desde hace 68 a\u00f1os la reina Isabel festeja su aniversario con el desfile del Trooping the colour, una ceremonia que re\u00fane a los seres queridos de la soberana y a los miembros m\u00e1s importante de la Corona en el mismo balc\u00f3n para disfrutar del despliegue de aviones brit\u00e1nicos, pero este a\u00f1o la pandemia le ha robado a la Reina la felicidad de este momento.<\/p>\n\n\n\n<p>La reina Isabel II cumpli\u00f3 94 a\u00f1os el pasado 21 de abril, pero por tradici\u00f3n se celebra de manera nacional el aniversario del monarca en turno en el mes de junio por ser la temporada con menos lluvias en Inglaterra. Este a\u00f1o, por primera vez en la historia desde que la Reina se instal\u00f3 en el trono, no pudo llevarse a acabo la celebraci\u00f3n del Trooping the colour a causa de la contingencia sanitaria del Covid-19, en su lugar solo hubo un peque\u00f1o desfile privado en Windsor.<\/p>\n\n\n\n<p>Los ingleses no pod\u00edan permitir que Isabel II no tuviera un noble gesto en su cumplea\u00f1os, por ello, decidieron realizar un peque\u00f1o despliegue militar en los jardines de Windsor, a cargo del Coronel Henry Llewelyn Usher y la banda Bands of the Household Division, al que \u00fanicamente acudi\u00f3 la monarca, no tuvo p\u00fablico presente, ni invitados, el duque de Edimburgo, quien cumpli\u00f3 esta semana 99 a\u00f1os, tampoco acudi\u00f3.<\/p>\n\n\n\n<p>La Reina se esforz\u00f3 por sonre\u00edr y mantener una buena actitud ante las c\u00e1maras, pero a\u00fan con todo eso fue incapaz de fingir su alegr\u00eda, ya que visiblemente se notaba triste y un poco solitaria. En esta ocasi\u00f3n ni su esposo, el pr\u00edncipe Felipe, con quien se aisl\u00f3 en Windsor desde marzo por la pandemia, pudo acompa\u00f1arla, pues debido a su edad es considerado una persona fr\u00e1gil de salud.<\/p>\n\n\n\n<p>Asimismo, fue evidente la falta que le hicieron sus hijos: el pr\u00edncipe Carlos, el pr\u00edncipe Andr\u00e9s y la princesa Ana, as\u00ed como sus nietos Harry y William con sus debidas esposas e hijos, quienes cada a\u00f1o acompa\u00f1an a la monarca al balc\u00f3n del palacio de Buckingham para ver el desfile de aviones de la armada brit\u00e1nica.<\/p>\n","protected":false},"excerpt":{"rendered":"<p>La reina Isabel II cumpli\u00f3 94 a\u00f1os el pasado 21 de abril, pero por tradici\u00f3n se celebra de manera nacional el aniversario del monarca en turno en el mes de junio<\/p>\n","protected":false},"author":81,"featured_media":0,"comment_status":"closed","ping_status":"open","sticky":false,"template":"","format":"standard","meta":{"footnotes":""},"categories":[41],"tags":[],"class_list":["post-118146","post","type-post","status-publish","format-standard","hentry","category-arteria-cultural"],"_links":{"self":[{"href":"https:\/\/plazajuarez.mx\/historico\/wp-json\/wp\/v2\/posts\/118146","targetHints":{"allow":["GET"]}}],"collection":[{"href":"https:\/\/plazajuarez.mx\/historico\/wp-json\/wp\/v2\/posts"}],"about":[{"href":"https:\/\/plazajuarez.mx\/historico\/wp-json\/wp\/v2\/types\/post"}],"author":[{"embeddable":true,"href":"https:\/\/plazajuarez.mx\/historico\/wp-json\/wp\/v2\/users\/81"}],"replies":[{"embeddable":true,"href":"https:\/\/plazajuarez.mx\/historico\/wp-json\/wp\/v2\/comments?post=118146"}],"version-history":[{"count":0,"href":"https:\/\/plazajuarez.mx\/historico\/wp-json\/wp\/v2\/posts\/118146\/revisions"}],"wp:attachment":[{"href":"https:\/\/plazajuarez.mx\/historico\/wp-json\/wp\/v2\/media?parent=118146"}],"wp:term":[{"taxonomy":"category","embeddable":true,"href":"https:\/\/plazajuarez.mx\/historico\/wp-json\/wp\/v2\/categories?post=118146"},{"taxonomy":"post_tag","embeddable":true,"href":"https:\/\/plazajuarez.mx\/historico\/wp-json\/wp\/v2\/tags?post=118146"}],"curies":[{"name":"wp","href":"https:\/\/api.w.org\/{rel}","templated":true}]}}