{"id":118029,"date":"2020-06-14T06:00:00","date_gmt":"2020-06-14T11:00:00","guid":{"rendered":"https:\/\/plazajuarez.mx\/?p=118029"},"modified":"2020-06-13T20:52:17","modified_gmt":"2020-06-14T01:52:17","slug":"pedazos-de-vida-31","status":"publish","type":"post","link":"https:\/\/plazajuarez.mx\/historico\/pedazos-de-vida-31\/","title":{"rendered":"PEDAZOS DE VIDA"},"content":{"rendered":"\n<p><strong>El museo de las caretas\u00a0<\/strong><\/p>\n\n\n\n<!--more-->\n\n\n\n<p>-Por aqu\u00ed pueden ver este tipo de careta que se utiliz\u00f3 durante una pandemia de coronavirus, en comparaci\u00f3n con esta otra que es su antecesora y sirvi\u00f3 para protegerse de la peste negra\u2026&nbsp;<\/p>\n\n\n\n<p>Despu\u00e9s de decir eso, el encorvado hombre se apresur\u00f3 a su sala favorita, en d\u00f3nde le gustaba explicar cada una de las m\u00e1scaras que estaban en esa exposici\u00f3n, las de las tribus africanas, caretas fabricadas&nbsp; de distintos materiales. Ah\u00ed pasaba el tiempo contemplando la cer\u00e1mica, los colores de la madera, los huesos utilizados para darle vida a esos rostros que cobraban vida en los rituales.&nbsp;<\/p>\n\n\n\n<p>Hab\u00eda m\u00e1scaras de todas partes del mundo: estaban las de la \u00f3pera de China, las del teatro Tailand\u00e9s, los antifaces de Venecia, los mascarones de las culturas precolombinas, las del teatro griego, hab\u00eda m\u00e1scaras hechas de fibras de \u00e1rboles y otras de papel o tela, hab\u00eda m\u00e1scaras de luchador y algunas que sirvieron para dar vida a personajes en las pel\u00edculas de antes.&nbsp;<\/p>\n\n\n\n<p>Don Chuy disfrutaba mucho cada recorrido que daba por el lugar, hablando sobre las m\u00e1scaras, mostr\u00e1ndole a \u201csu mundo\u201d lo que cada sala representaba, la finalidad que ten\u00edan esos objetos, tratando de maravillar con la reflexi\u00f3n sobre la necesidad que siempre ha tenido el hombre de esconderse detr\u00e1s de otra cara, de dar vida \u201cafuera\u201d a personajes que quiz\u00e1 siempre habitaron en el interior.&nbsp;<\/p>\n\n\n\n<p>Al final como cada ma\u00f1ana, se quit\u00f3 la m\u00e1scara de gu\u00eda y agarr\u00f3 el disfraz completo de vigilante, su turno como velador hab\u00eda terminado y una vez m\u00e1s, hab\u00eda pasado una noche contemplando y explicando para nadie, el conocimiento que los turistas a veces se negaban a escuchar en voz de los propios gu\u00edas.&nbsp;<\/p>\n","protected":false},"excerpt":{"rendered":"<p>El museo de las caretas\u00a0<\/p>\n","protected":false},"author":72,"featured_media":0,"comment_status":"closed","ping_status":"open","sticky":false,"template":"","format":"standard","meta":{"footnotes":""},"categories":[85],"tags":[],"class_list":["post-118029","post","type-post","status-publish","format-standard","hentry","category-relatos"],"_links":{"self":[{"href":"https:\/\/plazajuarez.mx\/historico\/wp-json\/wp\/v2\/posts\/118029","targetHints":{"allow":["GET"]}}],"collection":[{"href":"https:\/\/plazajuarez.mx\/historico\/wp-json\/wp\/v2\/posts"}],"about":[{"href":"https:\/\/plazajuarez.mx\/historico\/wp-json\/wp\/v2\/types\/post"}],"author":[{"embeddable":true,"href":"https:\/\/plazajuarez.mx\/historico\/wp-json\/wp\/v2\/users\/72"}],"replies":[{"embeddable":true,"href":"https:\/\/plazajuarez.mx\/historico\/wp-json\/wp\/v2\/comments?post=118029"}],"version-history":[{"count":0,"href":"https:\/\/plazajuarez.mx\/historico\/wp-json\/wp\/v2\/posts\/118029\/revisions"}],"wp:attachment":[{"href":"https:\/\/plazajuarez.mx\/historico\/wp-json\/wp\/v2\/media?parent=118029"}],"wp:term":[{"taxonomy":"category","embeddable":true,"href":"https:\/\/plazajuarez.mx\/historico\/wp-json\/wp\/v2\/categories?post=118029"},{"taxonomy":"post_tag","embeddable":true,"href":"https:\/\/plazajuarez.mx\/historico\/wp-json\/wp\/v2\/tags?post=118029"}],"curies":[{"name":"wp","href":"https:\/\/api.w.org\/{rel}","templated":true}]}}