{"id":118028,"date":"2020-06-14T06:00:00","date_gmt":"2020-06-14T11:00:00","guid":{"rendered":"https:\/\/plazajuarez.mx\/?p=118028"},"modified":"2020-06-13T20:49:05","modified_gmt":"2020-06-14T01:49:05","slug":"denuncian-tala-inmoderada-en-la-zona-boscosa-de-lagunicatlan","status":"publish","type":"post","link":"https:\/\/plazajuarez.mx\/historico\/denuncian-tala-inmoderada-en-la-zona-boscosa-de-lagunicatlan\/","title":{"rendered":"Denuncian tala inmoderada en la zona boscosa de Lagunicatl\u00e1n"},"content":{"rendered":"\n<ul class=\"wp-block-list\"><li><strong>Aseguran habitantes que desde hace cuatro a\u00f1os no se ha repuesto ning\u00fan \u00e1rbol talado<\/strong><\/li><\/ul>\n\n\n\n<!--more-->\n\n\n\n<p class=\"wp-block-paragraph\">Habitantes de la comunidad de Lagunicatl\u00e1n, en el municipio de Acatl\u00e1n, protestaron por la actividad de tala inmoderada en la zona boscosa de esta comunidad desde hace aproximadamente cuatro a\u00f1os, sin que hasta la fecha se lleve a cabo reforestaci\u00f3n de la zona; afectando a cerca de seis hect\u00e1reas.<\/p>\n\n\n\n<p class=\"wp-block-paragraph\">Los inconformes reconocieron que existe una autorizaci\u00f3n de aprovechamiento forestal, sin embargo, desconocen los detalles de la misma. Para empezar, la identidad de la persona o personas a las que se les otorg\u00f3, as\u00ed como las respectivas condiciones en la que se otorg\u00f3 dicha autorizaci\u00f3n. \u201cNo se cumple con los protocolos como la replantaci\u00f3n de especies luego de hacer tala de \u00e1rboles, lo que ha creado un clima de preocupaci\u00f3n, por la deforestaci\u00f3n en la zona.<\/p>\n\n\n\n<p class=\"wp-block-paragraph\">Explicaron que desde hace dos a\u00f1os solicitaron al actual presidente del comisariado, Adolfo P\u00e9rez, les aclare las condiciones del aprovechamiento forestal, as\u00ed como la falta de seguimiento del sembrado de especies forestales, luego de llevar a cabo la tala, sin control.<\/p>\n\n\n\n<p class=\"wp-block-paragraph\">Reprocharon que hace aproximadamente seis meses acudieron a la zona inspectores de la Procuradur\u00eda Federal de Protecci\u00f3n al Medio Ambiente (Profepa), pero s\u00f3lo se entrevistaron con el comisariado, quien se neg\u00f3 a proporcionar informaci\u00f3n sobre dicha visita.<\/p>\n\n\n\n<p class=\"wp-block-paragraph\">Por ello, el pasado martes 9 de junio llevaron a cabo protesta en la zona, exigiendo a las autoridades en materia de protecci\u00f3n al medio ambiente que revisen el tema de la tala sin control.<\/p>\n\n\n\n<p class=\"wp-block-paragraph\">Tras la protesta, acordaron vigilancia permanente a la zona boscosa para evitar el ingreso de taladores, como ocurri\u00f3 el pasado jueves.<\/p>\n\n\n\n<p class=\"wp-block-paragraph\">Informaron que en esta semana que concluye, ingresaron una nueva denuncia ante la Profepa, esperando que en esta ocasi\u00f3n s\u00ed sea tomada en cuenta, tanto para detener la tala descontrolada, como para aclarar los t\u00e9rminos en los que se otorg\u00f3 el aprovechamiento forestal.<\/p>\n","protected":false},"excerpt":{"rendered":"<p>Aseguran habitantes que desde hace cuatro a\u00f1os no se ha repuesto ning\u00fan \u00e1rbol talado<\/p>\n","protected":false},"author":70,"featured_media":0,"comment_status":"closed","ping_status":"open","sticky":false,"template":"","format":"standard","meta":{"footnotes":""},"categories":[40],"tags":[],"class_list":["post-118028","post","type-post","status-publish","format-standard","hentry","category-region"],"_links":{"self":[{"href":"https:\/\/plazajuarez.mx\/historico\/wp-json\/wp\/v2\/posts\/118028","targetHints":{"allow":["GET"]}}],"collection":[{"href":"https:\/\/plazajuarez.mx\/historico\/wp-json\/wp\/v2\/posts"}],"about":[{"href":"https:\/\/plazajuarez.mx\/historico\/wp-json\/wp\/v2\/types\/post"}],"author":[{"embeddable":true,"href":"https:\/\/plazajuarez.mx\/historico\/wp-json\/wp\/v2\/users\/70"}],"replies":[{"embeddable":true,"href":"https:\/\/plazajuarez.mx\/historico\/wp-json\/wp\/v2\/comments?post=118028"}],"version-history":[{"count":0,"href":"https:\/\/plazajuarez.mx\/historico\/wp-json\/wp\/v2\/posts\/118028\/revisions"}],"wp:attachment":[{"href":"https:\/\/plazajuarez.mx\/historico\/wp-json\/wp\/v2\/media?parent=118028"}],"wp:term":[{"taxonomy":"category","embeddable":true,"href":"https:\/\/plazajuarez.mx\/historico\/wp-json\/wp\/v2\/categories?post=118028"},{"taxonomy":"post_tag","embeddable":true,"href":"https:\/\/plazajuarez.mx\/historico\/wp-json\/wp\/v2\/tags?post=118028"}],"curies":[{"name":"wp","href":"https:\/\/api.w.org\/{rel}","templated":true}]}}