{"id":11795,"date":"2015-10-08T13:08:34","date_gmt":"2015-10-08T13:08:34","guid":{"rendered":"http:\/\/plazajuarez.mx\/index\/index.php\/2015\/10\/08\/atrapan-a-dos-ladrones-de-celulares-en-menos-de-24-horas\/"},"modified":"2015-10-08T13:08:34","modified_gmt":"2015-10-08T13:08:34","slug":"atrapan-a-dos-ladrones-de-celulares-en-menos-de-24-horas","status":"publish","type":"post","link":"https:\/\/plazajuarez.mx\/historico\/atrapan-a-dos-ladrones-de-celulares-en-menos-de-24-horas\/","title":{"rendered":"ATRAPAN A DOS LADRONES DE CELULARES, EN MENOS DE 24 HORAS"},"content":{"rendered":"<p>ALARMA EN LA COLONIA NUEVA FRANCISCO I. MADERO<\/p>\n<p>PACHUCA DE SOTO \/ Plaza Ju\u00e1rez<\/p>\n<p>  <!--more-->  <\/p>\n<p>\u00a0<\/p>\n<p>Al \u00e1rea de retenci\u00f3n de la polic\u00eda capitalina fue a parar un hombre de 37 a\u00f1os de edad, de quien se omite su nombre por cuestiones legales, luego de que presuntamente despoj\u00f3 de su celular a un transe\u00fante en las calles de la colonia Nueva Francisco I. Madero. La Secretar\u00eda de Seguridad P\u00fablica, Tr\u00e1nsito y Vialidad de Pachuca, inform\u00f3 que alrededor de las 17:30 horas se solicit\u00f3 el apoyo de la polic\u00eda tras el robo del celular de la marca Nokia, propiedad de un ciudadano. Fue justo en la calle Arnulfo G. Far\u00edas donde los uniformados lograron la ubicaci\u00f3n del presunto delincuente, quien mencion\u00f3 ser vecino de la colonia Doctores, y tener 37 a\u00f1os de edad. Tras las acusaciones del afectado, el individuo fue trasladado a las instalaciones de la corporaci\u00f3n policiaca, donde qued\u00f3 a disposici\u00f3n de las autoridades.<\/p>\n<p><strong>\u00a0<\/strong><\/p>\n<p><strong>Otro robo en la calle Fern\u00e1ndez de Lizardi <\/strong><\/p>\n<p>\u00a0<\/p>\n<p>La polic\u00eda de Pachuca report\u00f3 otro robo en la calle Fern\u00e1ndez de Lizardi de la colonia Nueva Francisco I. Madero, sobre este hecho se conoci\u00f3 que fue alrededor de las 20:50 horas cuando se solicit\u00f3 la intervenci\u00f3n de los agentes municipales. Al arribar, un ciudadano explic\u00f3 que minutos antes, un adolescente, al que se\u00f1al\u00f3 como probable responsable, despoj\u00f3 del celular mediante una agresi\u00f3n f\u00edsica a una mujer, por lo que le dio alcance, al tiempo que se dio aviso a las autoridades. Al ser intervenido por los uniformados, el adolescente de 16 a\u00f1os de edad, desped\u00eda un fuerte aliento caracter\u00edstico a las bebidas embriagantes. De inmediato fue trasladado al \u00c1rea Especializada para Menores de la Secretar\u00eda de Seguridad P\u00fablica de Pachuca.<\/p>\n<p>\u00a0<\/p>\n","protected":false},"excerpt":{"rendered":"<p>ALARMA EN LA COLONIA NUEVA FRANCISCO I. MADERO PACHUCA DE SOTO \/ Plaza Ju\u00e1rez<\/p>\n","protected":false},"author":93,"featured_media":0,"comment_status":"open","ping_status":"open","sticky":false,"template":"","format":"standard","meta":{"footnotes":""},"categories":[37],"tags":[],"class_list":["post-11795","post","type-post","status-publish","format-standard","hentry","category-barandilla"],"_links":{"self":[{"href":"https:\/\/plazajuarez.mx\/historico\/wp-json\/wp\/v2\/posts\/11795","targetHints":{"allow":["GET"]}}],"collection":[{"href":"https:\/\/plazajuarez.mx\/historico\/wp-json\/wp\/v2\/posts"}],"about":[{"href":"https:\/\/plazajuarez.mx\/historico\/wp-json\/wp\/v2\/types\/post"}],"author":[{"embeddable":true,"href":"https:\/\/plazajuarez.mx\/historico\/wp-json\/wp\/v2\/users\/93"}],"replies":[{"embeddable":true,"href":"https:\/\/plazajuarez.mx\/historico\/wp-json\/wp\/v2\/comments?post=11795"}],"version-history":[{"count":0,"href":"https:\/\/plazajuarez.mx\/historico\/wp-json\/wp\/v2\/posts\/11795\/revisions"}],"wp:attachment":[{"href":"https:\/\/plazajuarez.mx\/historico\/wp-json\/wp\/v2\/media?parent=11795"}],"wp:term":[{"taxonomy":"category","embeddable":true,"href":"https:\/\/plazajuarez.mx\/historico\/wp-json\/wp\/v2\/categories?post=11795"},{"taxonomy":"post_tag","embeddable":true,"href":"https:\/\/plazajuarez.mx\/historico\/wp-json\/wp\/v2\/tags?post=11795"}],"curies":[{"name":"wp","href":"https:\/\/api.w.org\/{rel}","templated":true}]}}