{"id":11793,"date":"2015-10-08T13:06:47","date_gmt":"2015-10-08T13:06:47","guid":{"rendered":"http:\/\/plazajuarez.mx\/index\/index.php\/2015\/10\/08\/municipales-contra-supuestos-policias-rurales\/"},"modified":"2015-10-08T13:06:47","modified_gmt":"2015-10-08T13:06:47","slug":"municipales-contra-supuestos-policias-rurales","status":"publish","type":"post","link":"https:\/\/plazajuarez.mx\/historico\/municipales-contra-supuestos-policias-rurales\/","title":{"rendered":"Municipales contra supuestos polic\u00edas rurales"},"content":{"rendered":"<p><strong>Santiago Tulantepec <\/strong><\/p>\n<ul>\n<li><strong>Director de Seguridad P\u00fablica asegur\u00f3 que desconoc\u00eda de la existencia de este grupo<\/strong><\/li>\n<\/ul>\n<p><strong>\u00a1Como de pel\u00edcula! \u201cMalos contra Buenos reloaded\u201d: <\/strong><\/p>\n<p><strong>Un autom\u00f3vil con tres tripulantes lleg\u00f3 e impact\u00f3 a la patrulla; tres descendieron del auto y armados intentaron agredir a municipales. Sin embargo, fueron sometidos; al final de la pel\u00edcula los \u201cmalos\u201d fueron liberados<\/strong><\/p>\n<p>  <!--more-->  <\/p>\n<p>\u00a0<\/p>\n<p>Lo que en principio parec\u00eda ser la detenci\u00f3n por una simple falta administrativa, termin\u00f3 siendo un enfrentamiento entre elementos municipales y polic\u00edas rurales de Santiago Tulantepec; de quienes se desconoc\u00eda su existencia, seg\u00fan asegur\u00f3 el director de Seguridad P\u00fablica en el municipio, Enoch Gonz\u00e1lez.<\/p>\n<p>\u00a0<\/p>\n<p>\u201cEl altercado nos permiti\u00f3 conocer de la existencia de este grupo de elementos dados de alta en la Secretar\u00eda de la Defensa Nacional (Sedena)\u201d, se\u00f1al\u00f3 el funcionario.<\/p>\n<p>\u00a0<\/p>\n<p>Lo anterior, debido a que el pasado 4 de octubre, elementos de la polic\u00eda municipal detuvieron en la comunidad Paxtepec a un hombre por escandalizar en v\u00eda p\u00fablica; sin embargo, al momento de la detenci\u00f3n, una decena de personas trataron de impedirlo.<\/p>\n<p>\u00a0<\/p>\n<p>Durante el altercado, un autom\u00f3vil con tres tripulantes lleg\u00f3 e impact\u00f3 a la patrulla que estaba estacionada en el sitio; los tres descendieron del autom\u00f3vil y armados trataron de agredir a los municipales, sin embargo, \u00e9stos fueron desarmados, sometidos y trasladados al cuartel de seguridad, en la cabecera municipal.<\/p>\n<p>\u00a0<\/p>\n<p>Ya en el cuartel, los tres desarmados se identificaron como integrantes de la Polic\u00eda Rural adscrita a la 18 zona militar en Hidalgo; la informaci\u00f3n fue corroborada y posteriormente un soldado que se identific\u00f3 como el Coronel Marcial, liber\u00f3 a los detenidos.<\/p>\n<p>\u00a0<\/p>\n<p>Tras lo anterior Enoch Gonz\u00e1lez dijo desconocer la existencia de la Polic\u00eda Rural, sin embargo, asegur\u00f3 que tras el altercado, se realizar\u00e1n con ellos mesas de trabajo para elaborar planes de acci\u00f3n en conjunto.<\/p>\n","protected":false},"excerpt":{"rendered":"<p>Santiago Tulantepec Director de Seguridad P\u00fablica asegur\u00f3 que desconoc\u00eda de la existencia de este grupo \u00a1Como de pel\u00edcula! \u201cMalos contra Buenos reloaded\u201d: Un autom\u00f3vil con tres tripulantes lleg\u00f3 e impact\u00f3 a la patrulla; tres descendieron del auto y armados intentaron agredir a municipales. Sin embargo, fueron sometidos; al final de la pel\u00edcula los \u201cmalos\u201d fueron [&hellip;]<\/p>\n","protected":false},"author":93,"featured_media":0,"comment_status":"open","ping_status":"open","sticky":false,"template":"","format":"standard","meta":{"footnotes":""},"categories":[40],"tags":[],"class_list":["post-11793","post","type-post","status-publish","format-standard","hentry","category-region"],"_links":{"self":[{"href":"https:\/\/plazajuarez.mx\/historico\/wp-json\/wp\/v2\/posts\/11793","targetHints":{"allow":["GET"]}}],"collection":[{"href":"https:\/\/plazajuarez.mx\/historico\/wp-json\/wp\/v2\/posts"}],"about":[{"href":"https:\/\/plazajuarez.mx\/historico\/wp-json\/wp\/v2\/types\/post"}],"author":[{"embeddable":true,"href":"https:\/\/plazajuarez.mx\/historico\/wp-json\/wp\/v2\/users\/93"}],"replies":[{"embeddable":true,"href":"https:\/\/plazajuarez.mx\/historico\/wp-json\/wp\/v2\/comments?post=11793"}],"version-history":[{"count":0,"href":"https:\/\/plazajuarez.mx\/historico\/wp-json\/wp\/v2\/posts\/11793\/revisions"}],"wp:attachment":[{"href":"https:\/\/plazajuarez.mx\/historico\/wp-json\/wp\/v2\/media?parent=11793"}],"wp:term":[{"taxonomy":"category","embeddable":true,"href":"https:\/\/plazajuarez.mx\/historico\/wp-json\/wp\/v2\/categories?post=11793"},{"taxonomy":"post_tag","embeddable":true,"href":"https:\/\/plazajuarez.mx\/historico\/wp-json\/wp\/v2\/tags?post=11793"}],"curies":[{"name":"wp","href":"https:\/\/api.w.org\/{rel}","templated":true}]}}