{"id":117929,"date":"2020-06-13T06:00:00","date_gmt":"2020-06-13T11:00:00","guid":{"rendered":"https:\/\/plazajuarez.mx\/?p=117929"},"modified":"2020-06-12T21:20:56","modified_gmt":"2020-06-13T02:20:56","slug":"ue-avanza-hacia-la-compra-conjunta-de-vacunas","status":"publish","type":"post","link":"https:\/\/plazajuarez.mx\/historico\/ue-avanza-hacia-la-compra-conjunta-de-vacunas\/","title":{"rendered":"UE avanza hacia la compra conjunta de vacunas"},"content":{"rendered":"\n<ul class=\"wp-block-list\"><li><strong>Una vez disponibles, se distribuir\u00e1n simult\u00e1neamente en funci\u00f3n de los Estados miembros<\/strong><\/li><\/ul>\n\n\n\n<p>Llegaron acuerdos de compra temprana de la vacuna con diferentes centros que trabajan en su desarrollo<\/p>\n\n\n\n<p>EFE.- Los pa\u00edses de la Uni\u00f3n Europea (UE) se mostraron favorables a que la Comisi\u00f3n Europea (CE) dise\u00f1e un sistema para la adquisici\u00f3n temprana y centralizada de vacunas contra el Covid-19 y que, una vez disponibles, se distribuyan simult\u00e1neamente en funci\u00f3n de los Estados miembros.<\/p>\n\n\n\n<p>&#8220;No hay objeciones, que yo sepa. Ning\u00fan Estado miembro ha dicho que no vaya a unirse&#8221;, declar\u00f3 la comisaria europea de Sanidad, Stella Kyriakides, al t\u00e9rmino de una reuni\u00f3n informal por videoconferencia con los ministros de Sanidad de los pa\u00edses de la Uni\u00f3n Europea.<\/p>\n\n\n\n<p>La comisar\u00eda hizo una presentaci\u00f3n -a puerta cerrada- sobre ese sistema de licitaci\u00f3n conjunta, que Bruselas cree que ser\u00eda m\u00e1s eficaz y contribuir\u00eda a evitar una competencia entre Estados miembros con diferente poder adquisitivo para hacerse antes con vacunas para sus ciudadanos.<\/p>\n","protected":false},"excerpt":{"rendered":"<p>Una vez disponibles, se distribuir\u00e1n simult\u00e1neamente en funci\u00f3n de los Estados miembros Llegaron acuerdos de compra temprana de la vacuna con diferentes centros que trabajan en su desarrollo EFE.- Los pa\u00edses de la Uni\u00f3n Europea (UE) se mostraron favorables a que la Comisi\u00f3n Europea (CE) dise\u00f1e un sistema para la adquisici\u00f3n temprana y centralizada de [&hellip;]<\/p>\n","protected":false},"author":80,"featured_media":0,"comment_status":"closed","ping_status":"open","sticky":false,"template":"","format":"standard","meta":{"footnotes":""},"categories":[31],"tags":[],"class_list":["post-117929","post","type-post","status-publish","format-standard","hentry","category-orbe"],"_links":{"self":[{"href":"https:\/\/plazajuarez.mx\/historico\/wp-json\/wp\/v2\/posts\/117929","targetHints":{"allow":["GET"]}}],"collection":[{"href":"https:\/\/plazajuarez.mx\/historico\/wp-json\/wp\/v2\/posts"}],"about":[{"href":"https:\/\/plazajuarez.mx\/historico\/wp-json\/wp\/v2\/types\/post"}],"author":[{"embeddable":true,"href":"https:\/\/plazajuarez.mx\/historico\/wp-json\/wp\/v2\/users\/80"}],"replies":[{"embeddable":true,"href":"https:\/\/plazajuarez.mx\/historico\/wp-json\/wp\/v2\/comments?post=117929"}],"version-history":[{"count":0,"href":"https:\/\/plazajuarez.mx\/historico\/wp-json\/wp\/v2\/posts\/117929\/revisions"}],"wp:attachment":[{"href":"https:\/\/plazajuarez.mx\/historico\/wp-json\/wp\/v2\/media?parent=117929"}],"wp:term":[{"taxonomy":"category","embeddable":true,"href":"https:\/\/plazajuarez.mx\/historico\/wp-json\/wp\/v2\/categories?post=117929"},{"taxonomy":"post_tag","embeddable":true,"href":"https:\/\/plazajuarez.mx\/historico\/wp-json\/wp\/v2\/tags?post=117929"}],"curies":[{"name":"wp","href":"https:\/\/api.w.org\/{rel}","templated":true}]}}