{"id":117928,"date":"2020-06-13T06:00:00","date_gmt":"2020-06-13T11:00:00","guid":{"rendered":"https:\/\/plazajuarez.mx\/?p=117928"},"modified":"2020-06-12T21:19:01","modified_gmt":"2020-06-13T02:19:01","slug":"eu-busca-quitar-financiacion-a-la-policia","status":"publish","type":"post","link":"https:\/\/plazajuarez.mx\/historico\/eu-busca-quitar-financiacion-a-la-policia\/","title":{"rendered":"EU busca quitar financiaci\u00f3n a la Polic\u00eda"},"content":{"rendered":"\n<ul class=\"wp-block-list\"><li><strong>Latinos y negros as\u00ed lo desean, pero 64 por ciento de estadounidenses lo rechaza\u00a0<\/strong><\/li><\/ul>\n\n\n\n<!--more-->\n\n\n\n<p>EFE.- Los latinos y los negros apoyan m\u00e1s que los blancos las propuestas para reducir los fondos asignados para la Polic\u00eda en EU, pero aun as\u00ed el 64% de estadounidenses rechaza esa idea, seg\u00fan una encuesta divulgada ayer por la cadena ABC de televisi\u00f3n.<\/p>\n\n\n\n<p>En las protestas que han agitado el pa\u00eds desde que el 25 de mayo un polic\u00eda blanco en Minneapolis aparentemente mat\u00f3 al afroamericano George Floyd, se han multiplicado los reclamos por la &#8220;abolici\u00f3n de la Polic\u00eda&#8221; o en todo caso retirar la financiaci\u00f3n de ese cuerpo de seguridad.<\/p>\n\n\n\n<p>El 64% de los encuestados se opone a las propuestas de quitarles fondos a las agencias policiales y s\u00f3lo el 34% de los encuestados apoya la idea.<\/p>\n","protected":false},"excerpt":{"rendered":"<p>Latinos y negros as\u00ed lo desean, pero 64 por ciento de estadounidenses lo rechaza\u00a0<\/p>\n","protected":false},"author":80,"featured_media":0,"comment_status":"closed","ping_status":"open","sticky":false,"template":"","format":"standard","meta":{"footnotes":""},"categories":[31],"tags":[],"class_list":["post-117928","post","type-post","status-publish","format-standard","hentry","category-orbe"],"_links":{"self":[{"href":"https:\/\/plazajuarez.mx\/historico\/wp-json\/wp\/v2\/posts\/117928","targetHints":{"allow":["GET"]}}],"collection":[{"href":"https:\/\/plazajuarez.mx\/historico\/wp-json\/wp\/v2\/posts"}],"about":[{"href":"https:\/\/plazajuarez.mx\/historico\/wp-json\/wp\/v2\/types\/post"}],"author":[{"embeddable":true,"href":"https:\/\/plazajuarez.mx\/historico\/wp-json\/wp\/v2\/users\/80"}],"replies":[{"embeddable":true,"href":"https:\/\/plazajuarez.mx\/historico\/wp-json\/wp\/v2\/comments?post=117928"}],"version-history":[{"count":0,"href":"https:\/\/plazajuarez.mx\/historico\/wp-json\/wp\/v2\/posts\/117928\/revisions"}],"wp:attachment":[{"href":"https:\/\/plazajuarez.mx\/historico\/wp-json\/wp\/v2\/media?parent=117928"}],"wp:term":[{"taxonomy":"category","embeddable":true,"href":"https:\/\/plazajuarez.mx\/historico\/wp-json\/wp\/v2\/categories?post=117928"},{"taxonomy":"post_tag","embeddable":true,"href":"https:\/\/plazajuarez.mx\/historico\/wp-json\/wp\/v2\/tags?post=117928"}],"curies":[{"name":"wp","href":"https:\/\/api.w.org\/{rel}","templated":true}]}}