{"id":117927,"date":"2020-06-13T06:00:00","date_gmt":"2020-06-13T11:00:00","guid":{"rendered":"https:\/\/plazajuarez.mx\/?p=117927"},"modified":"2020-06-12T21:18:37","modified_gmt":"2020-06-13T02:18:37","slug":"congreso-anula-medida-del-presidente-brasileno-jair-bolsonaro","status":"publish","type":"post","link":"https:\/\/plazajuarez.mx\/historico\/congreso-anula-medida-del-presidente-brasileno-jair-bolsonaro\/","title":{"rendered":"Congreso anula medida del presidente brasile\u00f1o  Jair Bolsonaro"},"content":{"rendered":"\n<ul class=\"wp-block-list\"><li><strong>La Constituci\u00f3n garantiza a las universidades p\u00fablicas libertad plena para sus elecciones&nbsp;<\/strong><\/li><\/ul>\n\n\n\n<!--more-->\n\n\n\n<p>EFE.- El presidente del Congreso brasile\u00f1o, Davi Alcolumbre, anul\u00f3 ayer una pol\u00e9mica medida dictada por el Gobierno de Jair Bolsonaro, pues violaba la autonom\u00eda que tienen las universidades federales para la elecci\u00f3n de sus rectores.<\/p>\n\n\n\n<p>La iniciativa hab\u00eda sido plasmada en una &#8220;medida provisional&#8221;, una suerte de decreto que requiere de la aprobaci\u00f3n del Parlamento, pero Alcolumbre rechaz\u00f3 tramitarla bajo el argumento de que &#8220;violaba la Constituci\u00f3n Federal&#8221;, que garantiza a las universidades p\u00fablicas una libertad plena para la elecci\u00f3n de sus autoridades.<\/p>\n\n\n\n<p>La medida establec\u00eda que, debido a la pandemia de coronavirus, que en el pa\u00eds ya ha dejado m\u00e1s de 40.000 muertos y sigue avanzando, ser\u00eda imposible durante este a\u00f1o realizar las elecciones internas de rectores, en aquellos casos en que sus mandatos vencen este a\u00f1o.<\/p>\n\n\n\n<p>Frente a ello, determinaba que el ministro de Educaci\u00f3n, Abraham Weintraub, tendr\u00eda la potestad de nombrar a los nuevos rectores, lo que fue rechazado por todos los consejos universitarios, profesores, alumnos y la enorme mayor\u00eda de los partidos pol\u00edticos.<\/p>\n\n\n\n<p>Con la decisi\u00f3n del presidente del Congreso, la medida queda de hecho anulada, lo cual pudiera suponer una vuelta de tuerca en el ya largo conflicto del Gobierno del l\u00edder de la ultraderecha brasile\u00f1a con las c\u00e1maras legislativas.<\/p>\n","protected":false},"excerpt":{"rendered":"<p>La Constituci\u00f3n garantiza a las universidades p\u00fablicas libertad plena para sus elecciones&nbsp;<\/p>\n","protected":false},"author":80,"featured_media":0,"comment_status":"closed","ping_status":"open","sticky":false,"template":"","format":"standard","meta":{"footnotes":""},"categories":[31],"tags":[],"class_list":["post-117927","post","type-post","status-publish","format-standard","hentry","category-orbe"],"_links":{"self":[{"href":"https:\/\/plazajuarez.mx\/historico\/wp-json\/wp\/v2\/posts\/117927","targetHints":{"allow":["GET"]}}],"collection":[{"href":"https:\/\/plazajuarez.mx\/historico\/wp-json\/wp\/v2\/posts"}],"about":[{"href":"https:\/\/plazajuarez.mx\/historico\/wp-json\/wp\/v2\/types\/post"}],"author":[{"embeddable":true,"href":"https:\/\/plazajuarez.mx\/historico\/wp-json\/wp\/v2\/users\/80"}],"replies":[{"embeddable":true,"href":"https:\/\/plazajuarez.mx\/historico\/wp-json\/wp\/v2\/comments?post=117927"}],"version-history":[{"count":0,"href":"https:\/\/plazajuarez.mx\/historico\/wp-json\/wp\/v2\/posts\/117927\/revisions"}],"wp:attachment":[{"href":"https:\/\/plazajuarez.mx\/historico\/wp-json\/wp\/v2\/media?parent=117927"}],"wp:term":[{"taxonomy":"category","embeddable":true,"href":"https:\/\/plazajuarez.mx\/historico\/wp-json\/wp\/v2\/categories?post=117927"},{"taxonomy":"post_tag","embeddable":true,"href":"https:\/\/plazajuarez.mx\/historico\/wp-json\/wp\/v2\/tags?post=117927"}],"curies":[{"name":"wp","href":"https:\/\/api.w.org\/{rel}","templated":true}]}}