{"id":117903,"date":"2020-06-13T06:00:00","date_gmt":"2020-06-13T11:00:00","guid":{"rendered":"https:\/\/plazajuarez.mx\/?p=117903"},"modified":"2020-06-12T21:06:40","modified_gmt":"2020-06-13T02:06:40","slug":"ingreso-a-normales-esta-sujeto-a-medidas-sanitarias","status":"publish","type":"post","link":"https:\/\/plazajuarez.mx\/historico\/ingreso-a-normales-esta-sujeto-a-medidas-sanitarias\/","title":{"rendered":"Ingreso a Normales est\u00e1 sujeto a medidas sanitarias"},"content":{"rendered":"\n<ul class=\"wp-block-list\"><li><strong>Convocatoria disponible a partir del pr\u00f3ximo 25 de junio<\/strong><\/li><\/ul>\n\n\n\n<!--more-->\n\n\n\n<p>El gobierno estatal, a trav\u00e9s de la Secretar\u00eda de Educaci\u00f3n P\u00fablica de Hidalgo (SEPH), dio a conocer que el proceso para el ingreso a las Escuelas Normales de la entidad fue modificado, sujeto a las medidas sanitarias que garantizan la salud e integridad de las y los estudiantes, as\u00ed como brindarles oportunidades educativas.<\/p>\n\n\n\n<p>La aceptaci\u00f3n de aspirantes a escuelas normales ser\u00e1 con base en a la convocatoria que regula el proceso de ingreso a estas instituciones educativas para el ciclo escolar 2020-2021. En este sentido, los requisitos espec\u00edficos ser\u00e1n dados a conocer el pr\u00f3ximo 25 de junio, mediante las p\u00e1ginas web de cada uno de dichos centros de educaci\u00f3n superior.<\/p>\n\n\n\n<p>El registro de aspirantes ser\u00e1 del 29 de junio al 15 de julio, en tanto a la revisi\u00f3n de expedientes tendr\u00e1 fecha del 16 al 24 de julio. Asimismo, el curso en l\u00ednea para evaluaci\u00f3n diagn\u00f3stica y valoraci\u00f3n vocacional se realizar\u00e1 del 20 al 24 de julio y la publicaci\u00f3n de resultados el cuatro de agosto, inform\u00f3 la SEPH.<\/p>\n\n\n\n<p>Del mismo modo, educaci\u00f3n inform\u00f3 que habr\u00e1 un periodo de inscripciones del 10 al 19 de agosto, adem\u00e1s del curso introductorio que se llevar\u00e1 a cabo del 24 al 28 de agosto<\/p>\n\n\n\n<p>Lo anterior tiene por objetivo responder a la demanda del derecho a la educaci\u00f3n del estudiantado egresado del nivel medio superior en el estado, mediante el Espacio Com\u00fan de la Educaci\u00f3n Superior perteneciente a la SEPH, del cual forman parte las escuelas normales, en funci\u00f3n de sus capacidades institucionales.<\/p>\n","protected":false},"excerpt":{"rendered":"<p>Convocatoria disponible a partir del pr\u00f3ximo 25 de junio<\/p>\n","protected":false},"author":93,"featured_media":0,"comment_status":"closed","ping_status":"open","sticky":false,"template":"","format":"standard","meta":{"footnotes":""},"categories":[59],"tags":[],"class_list":["post-117903","post","type-post","status-publish","format-standard","hentry","category-general"],"_links":{"self":[{"href":"https:\/\/plazajuarez.mx\/historico\/wp-json\/wp\/v2\/posts\/117903","targetHints":{"allow":["GET"]}}],"collection":[{"href":"https:\/\/plazajuarez.mx\/historico\/wp-json\/wp\/v2\/posts"}],"about":[{"href":"https:\/\/plazajuarez.mx\/historico\/wp-json\/wp\/v2\/types\/post"}],"author":[{"embeddable":true,"href":"https:\/\/plazajuarez.mx\/historico\/wp-json\/wp\/v2\/users\/93"}],"replies":[{"embeddable":true,"href":"https:\/\/plazajuarez.mx\/historico\/wp-json\/wp\/v2\/comments?post=117903"}],"version-history":[{"count":0,"href":"https:\/\/plazajuarez.mx\/historico\/wp-json\/wp\/v2\/posts\/117903\/revisions"}],"wp:attachment":[{"href":"https:\/\/plazajuarez.mx\/historico\/wp-json\/wp\/v2\/media?parent=117903"}],"wp:term":[{"taxonomy":"category","embeddable":true,"href":"https:\/\/plazajuarez.mx\/historico\/wp-json\/wp\/v2\/categories?post=117903"},{"taxonomy":"post_tag","embeddable":true,"href":"https:\/\/plazajuarez.mx\/historico\/wp-json\/wp\/v2\/tags?post=117903"}],"curies":[{"name":"wp","href":"https:\/\/api.w.org\/{rel}","templated":true}]}}