{"id":11790,"date":"2015-10-08T13:06:57","date_gmt":"2015-10-08T13:06:57","guid":{"rendered":"http:\/\/plazajuarez.mx\/index\/index.php\/2015\/10\/08\/desalojaran-a-22-familias-a-pesar-de-que-pagaron-por-sus-terrenos\/"},"modified":"2015-10-08T13:06:57","modified_gmt":"2015-10-08T13:06:57","slug":"desalojaran-a-22-familias-a-pesar-de-que-pagaron-por-sus-terrenos","status":"publish","type":"post","link":"https:\/\/plazajuarez.mx\/historico\/desalojaran-a-22-familias-a-pesar-de-que-pagaron-por-sus-terrenos\/","title":{"rendered":"Desalojar\u00e1n a 22 familias\u2026 a pesar de que pagaron por sus terrenos"},"content":{"rendered":"<p><strong>Ixmiquilpan<\/strong><\/p>\n<p>  <!--more-->  <\/p>\n<p>\u00a0<\/p>\n<p>El viernes, 22 familias ser\u00e1n desalojadas por la fuerza p\u00fablica, de un predio que est\u00e1n ocupando de manera irregular, en la colonia, Felipe \u00c1ngeles, en el municipio de Ixmiquilpan, el cual compraron de buena fe, pero que fue posteriormente sometido a un juicio por tres hermanos que se disputaron la propiedad.<\/p>\n<p>Los afectados, con apoyo de vecinos de diversas comunidades y de la propia colonia, har\u00e1n una cadena humana el viernes a partir de las ocho de la ma\u00f1ana, impedir\u00e1n de esta manera que la fuerza p\u00fablica ocupe la propiedad.<\/p>\n<p>Las 22 familias adquirieron lotes en un terreno que vendieron las se\u00f1oras, Manuela Acosta Garc\u00eda y Gregoria Frijol Garc\u00eda, herencia materna. El hermano de estas, Porfirio Frijol Garc\u00eda, inici\u00f3 un juicio, alegando que el terreno era suyo.<\/p>\n<p>En 1997 gan\u00f3 un juicio por la v\u00eda civil, en el 2002 se revierte el fallo a favor de sus hermanas por la v\u00eda penal. En ese mismo a\u00f1o, tras la muerte de Amelia, el supuesto due\u00f1o aprovech\u00f3 para trasladar derechos sobre la propiedad a una de sus hijas, Amalia Frijol Lugo.<\/p>\n<p>El juicio tuvo varias vertientes, acusan que hubo vicios, porque Amalia Frijol Lugo, sin ninguna personalidad jur\u00eddica, obtiene un fallo a su favor por parte de la Suprema Corte de Justicia de la Naci\u00f3n (SCJN), que orden\u00f3 al juez penal de Ixmiquilpan, llevar a cabo el desalojo el viernes nueve de octubre del presente a\u00f1o.<\/p>\n<p>Ante el anuncio, los afectados solicitaron la intervenci\u00f3n del gobierno del estado, con el objetivo de intervenir para evitar que se lleve a cabo el desalojo por parte de la fuerza p\u00fablica como pretenden realizar el pr\u00f3ximo viernes.<\/p>\n<p>A trav\u00e9s de una organizaci\u00f3n campesina, solicitaron la intervenci\u00f3n para buscar una mesa de di\u00e1logo con el Subsecretario de Gobierno, Alberto Escamilla Vital, sin embargo no se ha dado el encuentro, el cual esperan se realice hoy previo a la intervenci\u00f3n de la polic\u00eda.<\/p>\n<p>Ya buscaron un di\u00e1logo con el Tribunal Superior de Justicia del Estado de Hidalgo (TSJEH), para detener la orden del juez, sin embargo al ser una determinaci\u00f3n de la SCJN, \u00e9sta se ejecutar\u00e1. Por ello los afectados pondr\u00e1n medidas para evitar que se lleve a cabo el desalojo de las 22 familias.<\/p>\n<p>Por su parte, el Ayuntamiento inform\u00f3 que hasta ahora el Ministerio P\u00fablico (MP), no ha solicitado el apoyo de la fuerza p\u00fablica para cumplir con el desalojo del predio, la polic\u00eda municipal intervendr\u00eda a menos que existiera una petici\u00f3n formal, la cual a\u00fan no existe.<\/p>\n","protected":false},"excerpt":{"rendered":"<p>Ixmiquilpan<\/p>\n","protected":false},"author":93,"featured_media":0,"comment_status":"open","ping_status":"open","sticky":false,"template":"","format":"standard","meta":{"footnotes":""},"categories":[40],"tags":[],"class_list":["post-11790","post","type-post","status-publish","format-standard","hentry","category-region"],"_links":{"self":[{"href":"https:\/\/plazajuarez.mx\/historico\/wp-json\/wp\/v2\/posts\/11790","targetHints":{"allow":["GET"]}}],"collection":[{"href":"https:\/\/plazajuarez.mx\/historico\/wp-json\/wp\/v2\/posts"}],"about":[{"href":"https:\/\/plazajuarez.mx\/historico\/wp-json\/wp\/v2\/types\/post"}],"author":[{"embeddable":true,"href":"https:\/\/plazajuarez.mx\/historico\/wp-json\/wp\/v2\/users\/93"}],"replies":[{"embeddable":true,"href":"https:\/\/plazajuarez.mx\/historico\/wp-json\/wp\/v2\/comments?post=11790"}],"version-history":[{"count":0,"href":"https:\/\/plazajuarez.mx\/historico\/wp-json\/wp\/v2\/posts\/11790\/revisions"}],"wp:attachment":[{"href":"https:\/\/plazajuarez.mx\/historico\/wp-json\/wp\/v2\/media?parent=11790"}],"wp:term":[{"taxonomy":"category","embeddable":true,"href":"https:\/\/plazajuarez.mx\/historico\/wp-json\/wp\/v2\/categories?post=11790"},{"taxonomy":"post_tag","embeddable":true,"href":"https:\/\/plazajuarez.mx\/historico\/wp-json\/wp\/v2\/tags?post=11790"}],"curies":[{"name":"wp","href":"https:\/\/api.w.org\/{rel}","templated":true}]}}