{"id":117898,"date":"2020-06-13T06:00:00","date_gmt":"2020-06-13T11:00:00","guid":{"rendered":"https:\/\/plazajuarez.mx\/?p=117898"},"modified":"2020-06-12T21:17:23","modified_gmt":"2020-06-13T02:17:23","slug":"el-trabajo-infantil-crece-nuevamente","status":"publish","type":"post","link":"https:\/\/plazajuarez.mx\/historico\/el-trabajo-infantil-crece-nuevamente\/","title":{"rendered":"El trabajo infantil crece nuevamente"},"content":{"rendered":"\n<ul class=\"wp-block-list\"><li><strong>Ante la falta de ingresos de sus padres&nbsp;<\/strong><\/li><\/ul>\n\n\n\n<!--more-->\n\n\n\n<p>Alerta de Vinicius Carvalho, director regional para Am\u00e9rica Latina y el Caribe de la Organizaci\u00f3n Internacional del Trabajo (OIT)<\/p>\n\n\n\n<p>EFE.- Los avances de los \u00faltimos a\u00f1os en la lucha contra el trabajo infantil en Latinoam\u00e9rica y el Caribe est\u00e1n en riesgo. El impacto de la Covid-19 en estas sociedades est\u00e1 provocando que muchos ni\u00f1os, que han visto paralizada su educaci\u00f3n por las cuarentenas, entren en el mundo laboral empujados por la crisis econ\u00f3mica y la falta de ingresos de sus mayores.<\/p>\n\n\n\n<p>As\u00ed lo destaca Vinicius Carvalho Pinheiro, director regional para Am\u00e9rica Latina y el Caribe de la Organizaci\u00f3n Internacional del Trabajo (OIT), que alarma ante esta peligrosa combinaci\u00f3n de suspensi\u00f3n escolar y declive econ\u00f3mico que puede llegar a comprometer el futuro de una generaci\u00f3n.<\/p>\n\n\n\n<p>Carvalho cree necesario establecer en estos pa\u00edses una transferencia de dinero directa a las familias para que los menores no trabajen y ampliar otros programas de protecci\u00f3n social que eviten una regresi\u00f3n en la lucha contra el ocupaci\u00f3n laboral infantil.<\/p>\n\n\n\n<p>Ayer, en la conmemoraci\u00f3n del D\u00eda Internacional contra el Trabajo Infantil hab\u00eda razones para la esperanza. Seg\u00fan un documento conjunto presentado por la OIT y la Comisi\u00f3n Econ\u00f3mica para Am\u00e9rica Latina y el Caribe (Cepal), el porcentaje de ni\u00f1os y adolescentes entre 5 y 17 a\u00f1os en situaci\u00f3n de trabajo infantil en Am\u00e9rica Latina y el Caribe baj\u00f3 de 10,8% en 2008 a 7,3% en 2016, lo que equivale a una disminuci\u00f3n de 3,7 millones de personas en esa situaci\u00f3n.<\/p>\n\n\n\n<p>Pese a ello, la OIT estima que hay 10,5 millones de ni\u00f1os trabajando actualmente en la regi\u00f3n.<\/p>\n\n\n\n<p>La irrupci\u00f3n de la pandemia puede aumentar el trabajo infantil entre 1 y 3 puntos porcentuales en la regi\u00f3n (entre 109.000 y 326.000 ni\u00f1os), seg\u00fan el documento conocido ayer.<\/p>\n","protected":false},"excerpt":{"rendered":"<p>Ante la falta de ingresos de sus padres&nbsp;<\/p>\n","protected":false},"author":80,"featured_media":0,"comment_status":"closed","ping_status":"open","sticky":false,"template":"","format":"standard","meta":{"footnotes":""},"categories":[31],"tags":[],"class_list":["post-117898","post","type-post","status-publish","format-standard","hentry","category-orbe"],"_links":{"self":[{"href":"https:\/\/plazajuarez.mx\/historico\/wp-json\/wp\/v2\/posts\/117898","targetHints":{"allow":["GET"]}}],"collection":[{"href":"https:\/\/plazajuarez.mx\/historico\/wp-json\/wp\/v2\/posts"}],"about":[{"href":"https:\/\/plazajuarez.mx\/historico\/wp-json\/wp\/v2\/types\/post"}],"author":[{"embeddable":true,"href":"https:\/\/plazajuarez.mx\/historico\/wp-json\/wp\/v2\/users\/80"}],"replies":[{"embeddable":true,"href":"https:\/\/plazajuarez.mx\/historico\/wp-json\/wp\/v2\/comments?post=117898"}],"version-history":[{"count":0,"href":"https:\/\/plazajuarez.mx\/historico\/wp-json\/wp\/v2\/posts\/117898\/revisions"}],"wp:attachment":[{"href":"https:\/\/plazajuarez.mx\/historico\/wp-json\/wp\/v2\/media?parent=117898"}],"wp:term":[{"taxonomy":"category","embeddable":true,"href":"https:\/\/plazajuarez.mx\/historico\/wp-json\/wp\/v2\/categories?post=117898"},{"taxonomy":"post_tag","embeddable":true,"href":"https:\/\/plazajuarez.mx\/historico\/wp-json\/wp\/v2\/tags?post=117898"}],"curies":[{"name":"wp","href":"https:\/\/api.w.org\/{rel}","templated":true}]}}