{"id":117897,"date":"2020-06-13T06:00:00","date_gmt":"2020-06-13T11:00:00","guid":{"rendered":"https:\/\/plazajuarez.mx\/?p=117897"},"modified":"2020-06-12T21:20:30","modified_gmt":"2020-06-13T02:20:30","slug":"grave-ataque-contra-la-prensa-en-bolivia","status":"publish","type":"post","link":"https:\/\/plazajuarez.mx\/historico\/grave-ataque-contra-la-prensa-en-bolivia\/","title":{"rendered":"Grave ataque contra la prensa en Bolivia"},"content":{"rendered":"\n<ul class=\"wp-block-list\"><li><strong>Intento de linchamiento a periodistas (en zona cocalera); exigen defender libertad de prensa<\/strong><\/li><\/ul>\n\n\n\n<!--more-->\n\n\n\n<p>EFE.- Un ataque a periodistas, que temieron por su vida, ha desatado en Bolivia numerosas denuncias en defensa de la libertad de informaci\u00f3n, en medio de la tensi\u00f3n que vive una zona cocalera.<\/p>\n\n\n\n<p>Un equipo del canal de televisi\u00f3n Unitel y una periodista del diario El Deber denunciaron un intento de lincharlos cuando realizaban una cobertura informativa el jueves en el tr\u00f3pico de Cochabamba, una zona de Bolivia donde existe tensi\u00f3n con el Gobierno interino de la que este acusa al ex presidente Evo Morales.<\/p>\n\n\n\n<p>Un periodista, un camar\u00f3grafo y un ch\u00f3fer de la televisora, adem\u00e1s de la redactora del diario, tuvieron que ser escoltados por polic\u00edas para salir del lugar tras denunciar que fueron agredidos y amenazados por una turba con quemarlos vivos.<\/p>\n","protected":false},"excerpt":{"rendered":"<p>Intento de linchamiento a periodistas (en zona cocalera); exigen defender libertad de prensa<\/p>\n","protected":false},"author":80,"featured_media":0,"comment_status":"closed","ping_status":"open","sticky":false,"template":"","format":"standard","meta":{"footnotes":""},"categories":[31],"tags":[],"class_list":["post-117897","post","type-post","status-publish","format-standard","hentry","category-orbe"],"_links":{"self":[{"href":"https:\/\/plazajuarez.mx\/historico\/wp-json\/wp\/v2\/posts\/117897","targetHints":{"allow":["GET"]}}],"collection":[{"href":"https:\/\/plazajuarez.mx\/historico\/wp-json\/wp\/v2\/posts"}],"about":[{"href":"https:\/\/plazajuarez.mx\/historico\/wp-json\/wp\/v2\/types\/post"}],"author":[{"embeddable":true,"href":"https:\/\/plazajuarez.mx\/historico\/wp-json\/wp\/v2\/users\/80"}],"replies":[{"embeddable":true,"href":"https:\/\/plazajuarez.mx\/historico\/wp-json\/wp\/v2\/comments?post=117897"}],"version-history":[{"count":0,"href":"https:\/\/plazajuarez.mx\/historico\/wp-json\/wp\/v2\/posts\/117897\/revisions"}],"wp:attachment":[{"href":"https:\/\/plazajuarez.mx\/historico\/wp-json\/wp\/v2\/media?parent=117897"}],"wp:term":[{"taxonomy":"category","embeddable":true,"href":"https:\/\/plazajuarez.mx\/historico\/wp-json\/wp\/v2\/categories?post=117897"},{"taxonomy":"post_tag","embeddable":true,"href":"https:\/\/plazajuarez.mx\/historico\/wp-json\/wp\/v2\/tags?post=117897"}],"curies":[{"name":"wp","href":"https:\/\/api.w.org\/{rel}","templated":true}]}}