{"id":117893,"date":"2020-06-13T06:00:00","date_gmt":"2020-06-13T11:00:00","guid":{"rendered":"https:\/\/plazajuarez.mx\/?p=117893"},"modified":"2020-06-13T07:02:37","modified_gmt":"2020-06-13T12:02:37","slug":"vecinos-y-familiares-denuncian-detencion-ilegal","status":"publish","type":"post","link":"https:\/\/plazajuarez.mx\/historico\/vecinos-y-familiares-denuncian-detencion-ilegal\/","title":{"rendered":"Vecinos y familiares denuncian detenci\u00f3n ilegal"},"content":{"rendered":"\n<ul class=\"wp-block-list\"><li><strong>Ang\u00e9lica \u201cN\u201d fue asegurada, presuntamente, sin respetar el Debido Proceso (sin orden de aprehensi\u00f3n de por medio)<\/strong><\/li><\/ul>\n\n\n\n<ul class=\"wp-block-list\"><li><strong>Tras el aseguramiento, pobladores retuvieron a elementos de la polic\u00eda de investigaci\u00f3n y de Gobernaci\u00f3n, rescatados m\u00e1s tarde.\u00a0<\/strong><\/li><\/ul>\n\n\n\n<!--more-->\n\n\n\n<p>Derivado de un conflicto de familia, por la disputa de unos predios, el pasado martes fue asegurada, por elementos de la polic\u00eda de investigaci\u00f3n, Ang\u00e9lica \u201cN\u201d, quien inmediatamente fue trasladada a la ciudad de Pachuca.&nbsp;<\/p>\n\n\n\n<p>Sus familiares denunciaron que la mujer fue detenida sin una orden de por medio. Afirman que la acci\u00f3n de la polic\u00eda fue ilegal y en raz\u00f3n de ello, exigen su liberaci\u00f3n inmediata.&nbsp;<\/p>\n\n\n\n<p>Presuntamente, la detenci\u00f3n se hizo horas despu\u00e9s de que acordaron con la polic\u00eda estatal y municipal, que esperar\u00edan a un proceso legal sobre este conflicto.&nbsp;<\/p>\n\n\n\n<p>Responsabilizan tambi\u00e9n a Lidia \u201cN\u201d, quien ser\u00eda la mujer que busca apoderarse de una propiedad que perteneci\u00f3 al padre de Ang\u00e9lica \u201cN\u201d.&nbsp;<\/p>\n\n\n\n<p>La propiedad referida se encuentra en la comunidad de Patria Nueva en el municipio de Santiago de Anaya.&nbsp;&nbsp;&nbsp;&nbsp;<\/p>\n\n\n\n<p>Vale se\u00f1alar que el conflicto familiar ha involucrado a todo el poblado.&nbsp;<\/p>\n\n\n\n<p>Tras el aseguramiento de Ang\u00e9lica \u201cN\u201d, los pobladores retuvieron a elementos de la polic\u00eda de investigaci\u00f3n y tambi\u00e9n de Gobernaci\u00f3n, los cuales fueron rescatados m\u00e1s tarde.&nbsp;<\/p>\n\n\n\n<p>Ante el previsible incremento de la irritaci\u00f3n social, la detenida fue trasladada a la Procuradur\u00eda General de Justicia del Estado de Hidalgo en Pachuca.&nbsp;<\/p>\n\n\n\n<p>Los familiares han denunciado que la detenida cuenta con documentaci\u00f3n que confirma que esta propiedad le pertenece.<\/p>\n","protected":false},"excerpt":{"rendered":"<p>Ang\u00e9lica \u201cN\u201d fue asegurada, presuntamente, sin respetar el Debido Proceso (sin orden de aprehensi\u00f3n de por medio) Tras el aseguramiento, pobladores retuvieron a elementos de la polic\u00eda de investigaci\u00f3n y de Gobernaci\u00f3n, rescatados m\u00e1s tarde.\u00a0<\/p>\n","protected":false},"author":75,"featured_media":0,"comment_status":"closed","ping_status":"open","sticky":false,"template":"","format":"standard","meta":{"footnotes":""},"categories":[40],"tags":[],"class_list":["post-117893","post","type-post","status-publish","format-standard","hentry","category-region"],"_links":{"self":[{"href":"https:\/\/plazajuarez.mx\/historico\/wp-json\/wp\/v2\/posts\/117893","targetHints":{"allow":["GET"]}}],"collection":[{"href":"https:\/\/plazajuarez.mx\/historico\/wp-json\/wp\/v2\/posts"}],"about":[{"href":"https:\/\/plazajuarez.mx\/historico\/wp-json\/wp\/v2\/types\/post"}],"author":[{"embeddable":true,"href":"https:\/\/plazajuarez.mx\/historico\/wp-json\/wp\/v2\/users\/75"}],"replies":[{"embeddable":true,"href":"https:\/\/plazajuarez.mx\/historico\/wp-json\/wp\/v2\/comments?post=117893"}],"version-history":[{"count":0,"href":"https:\/\/plazajuarez.mx\/historico\/wp-json\/wp\/v2\/posts\/117893\/revisions"}],"wp:attachment":[{"href":"https:\/\/plazajuarez.mx\/historico\/wp-json\/wp\/v2\/media?parent=117893"}],"wp:term":[{"taxonomy":"category","embeddable":true,"href":"https:\/\/plazajuarez.mx\/historico\/wp-json\/wp\/v2\/categories?post=117893"},{"taxonomy":"post_tag","embeddable":true,"href":"https:\/\/plazajuarez.mx\/historico\/wp-json\/wp\/v2\/tags?post=117893"}],"curies":[{"name":"wp","href":"https:\/\/api.w.org\/{rel}","templated":true}]}}