{"id":11787,"date":"2015-10-08T13:03:36","date_gmt":"2015-10-08T13:03:36","guid":{"rendered":"http:\/\/plazajuarez.mx\/index\/index.php\/2015\/10\/08\/leyes-haran-realidad-que-personas-sean-prioridad-en-desarrollo-de-espacios\/"},"modified":"2015-10-08T13:03:36","modified_gmt":"2015-10-08T13:03:36","slug":"leyes-haran-realidad-que-personas-sean-prioridad-en-desarrollo-de-espacios","status":"publish","type":"post","link":"https:\/\/plazajuarez.mx\/historico\/leyes-haran-realidad-que-personas-sean-prioridad-en-desarrollo-de-espacios\/","title":{"rendered":"Leyes har\u00e1n realidad que personas  sean prioridad en desarrollo de espacios"},"content":{"rendered":"<p><strong>Ernesto Gil Elorduy, asisti\u00f3 con diputados hidalguenses, a la XI Asamblea Nacional del H\u00e1bitat, celebrada en el Senado de la Rep\u00fablica<\/strong><\/p>\n<p>  <!--more-->  <\/p>\n<p>\u00a0<\/p>\n<p>Legisladores locales de Hidalgo acudieron al Senado de la Rep\u00fablica para participar en la XI Asamblea Nacional del Grupo Mexicano de Parlamentarios para el H\u00e1bitat, presidido por la senadora Ana Lilia Herrera Anzaldo. Los trabajos contaron con la participaci\u00f3n del presidente del Grupo Mundial de Parlamentarios para el H\u00e1bitat, el diputado Ernesto Gil Elorduy.<\/p>\n<p>\u00a0<\/p>\n<p>El tambi\u00e9n presidente de la Junta de Gobierno del Congreso del Estado de Hidalgo, dijo durante su intervenci\u00f3n que si la aspiraci\u00f3n es desarrollar espacios de vida donde las personas sean prioridad, solo ser\u00e1 posible con las disposiciones jur\u00eddicas que fortalezcan el marco legal y otorguen derechos ciudadanos a todos los seres humanos que viven en una ciudad.<\/p>\n<p>\u00a0<\/p>\n<p>Expres\u00f3 que en el Grupo Mundial de Parlamentarios para el H\u00e1bitat se busca que en las leyes se coadyuve a generar las bases de esta exigencia social y, a trav\u00e9s del compromiso entre gobierno y gobernados, se atiendan demandas ciudadanas y fortalezca la cohesi\u00f3n social para la convivencia civilizada\u00a0un entorno de paz p\u00fablica digna entre la ciudad y los ciudadanos.<\/p>\n<p>\u00a0<\/p>\n<p>\u201cLa coordinaci\u00f3n para enfrentar los retos del crecimiento ordenado y sustentable, cobra mayor relevancia en el desempe\u00f1o de las actividades legislativas a nivel local y las pol\u00edticas p\u00fablicas en los ayuntamientos, porque es ah\u00ed en donde la cercan\u00eda de la gente con la autoridad permite participaci\u00f3n, di\u00e1logo y acuerdos para mejorar las condiciones de la vida personal de los ciudadanos y la vida p\u00fablica de la sociedad en su conjunto\u201d, apunt\u00f3 Gil Elorduy.<\/p>\n<p>\u00a0<\/p>\n<p>Los diputados locales que acudieron, Juan Carlos Robles Acosta, V\u00edctor Trejo Carpio y Celestino \u00c1brego Escalante integran el Grupo Hidalguense de Parlamentarios para el H\u00e1bitat, que preside el legislador, Javier Amador de la Fuente, quien tambi\u00e9n realiz\u00f3 propuestas.<\/p>\n","protected":false},"excerpt":{"rendered":"<p>Ernesto Gil Elorduy, asisti\u00f3 con diputados hidalguenses, a la XI Asamblea Nacional del H\u00e1bitat, celebrada en el Senado de la Rep\u00fablica<\/p>\n","protected":false},"author":93,"featured_media":0,"comment_status":"open","ping_status":"open","sticky":false,"template":"","format":"standard","meta":{"footnotes":""},"categories":[59],"tags":[],"class_list":["post-11787","post","type-post","status-publish","format-standard","hentry","category-general"],"_links":{"self":[{"href":"https:\/\/plazajuarez.mx\/historico\/wp-json\/wp\/v2\/posts\/11787","targetHints":{"allow":["GET"]}}],"collection":[{"href":"https:\/\/plazajuarez.mx\/historico\/wp-json\/wp\/v2\/posts"}],"about":[{"href":"https:\/\/plazajuarez.mx\/historico\/wp-json\/wp\/v2\/types\/post"}],"author":[{"embeddable":true,"href":"https:\/\/plazajuarez.mx\/historico\/wp-json\/wp\/v2\/users\/93"}],"replies":[{"embeddable":true,"href":"https:\/\/plazajuarez.mx\/historico\/wp-json\/wp\/v2\/comments?post=11787"}],"version-history":[{"count":0,"href":"https:\/\/plazajuarez.mx\/historico\/wp-json\/wp\/v2\/posts\/11787\/revisions"}],"wp:attachment":[{"href":"https:\/\/plazajuarez.mx\/historico\/wp-json\/wp\/v2\/media?parent=11787"}],"wp:term":[{"taxonomy":"category","embeddable":true,"href":"https:\/\/plazajuarez.mx\/historico\/wp-json\/wp\/v2\/categories?post=11787"},{"taxonomy":"post_tag","embeddable":true,"href":"https:\/\/plazajuarez.mx\/historico\/wp-json\/wp\/v2\/tags?post=11787"}],"curies":[{"name":"wp","href":"https:\/\/api.w.org\/{rel}","templated":true}]}}