{"id":117702,"date":"2020-06-12T06:00:00","date_gmt":"2020-06-12T11:00:00","guid":{"rendered":"https:\/\/plazajuarez.mx\/?p=117702"},"modified":"2020-06-11T21:51:43","modified_gmt":"2020-06-12T02:51:43","slug":"lanzan-un-ya-basta-contra-el-racismo","status":"publish","type":"post","link":"https:\/\/plazajuarez.mx\/historico\/lanzan-un-ya-basta-contra-el-racismo\/","title":{"rendered":"Lanzan un &#8220;ya basta&#8221; contra el racismo"},"content":{"rendered":"\n<ul class=\"wp-block-list\"><li><strong>La actriz se\u00f1al\u00f3 que el racismo, aunque se oculta, siempre ha existido, por lo que es necesario regresarlo a la mesa de discusi\u00f3n<\/strong><\/li><\/ul>\n\n\n\n<!--more-->\n\n\n\n<p>La actriz mexicana Yalitza Aparicio, junto con su colega Tenoch Huerta y otras dos especialistas, lanzaron este jueves un &#8220;ya basta&#8221; contra el racismo y el clasismo en el pa\u00eds y en el s\u00e9ptimo arte, un encendido debate que se ha reabierto en M\u00e9xico en las \u00faltimas semanas.<\/p>\n\n\n\n<p>La muerte de George Floyd en Estados Unidos ha sido el detonante para que tanto Aparicio como Huerta hayan regresado el tema a la mesa de las discusiones en M\u00e9xico, donde, seg\u00fan dijeron en un simposio, ese tema se trata de ocultar aunque siempre ha estado presente.<\/p>\n\n\n\n<p>&#8220;Por muchos a\u00f1os nos hemos quedado callados y hemos estado esperando que lleguen oportunidades y que las personas se den cuenta que aqu\u00ed estamos, as\u00ed que es momento de hablar, de alzar la voz y de decir ya basta, yo tambi\u00e9n puedo&#8221;, dijo Aparicio durante su participaci\u00f3n.<\/p>\n\n\n\n<p>Se\u00f1al\u00f3 que muchas veces por alzar la voz, muchas personas nos pueden calificar de ser personas resentidas, pero no es por querer el lugar de alguien o lo que otros tienen que lo debemos hacer &#8220;sino por querer que las cosas cambien&#8221;.<\/p>\n\n\n\n<p>La actriz acept\u00f3 que si a ella le toca &#8220;el trabajo duro y decir ya basta y que los que vienen atr\u00e1s disfruten, est\u00e1 bien, porque vamos a ser el cambio, los que levantaron la voz y no se quedaron callados&#8221;.<\/p>\n\n\n\n<p>Hace dos semanas, Aparicio reflexion\u00f3 sobre la importancia del arte y la diversidad, as\u00ed como problem\u00e1ticas sociales tales como el clasismo y racismo en su debut como columnista del diario estadounidense The New York Times.<\/p>\n\n\n\n<p>La mujer, revelaci\u00f3n de la pel\u00edcula &#8220;Roma&#8221; (2018), particip\u00f3 este jueves en el conversatorio &#8220;Una pl\u00e1tica sobre racismo y discriminaci\u00f3n en M\u00e9xico&#8221;, promovida por la revista GQ donde junto con sus colegas y la soci\u00f3loga M\u00f3nica Moreno y la ling\u00fcista Y\u00e1snaya Aguilar, quienes reflexionaron sobre esas problem\u00e1ticas.<\/p>\n\n\n\n<p>En su intervenci\u00f3n, Huerta dijo que en M\u00e9xico existe un racismo y un clasismo que &#8220;est\u00e1 debajo de la alfombra en este pa\u00eds y son nuestros cad\u00e1veres en el armario&#8221;.<\/p>\n\n\n\n<p>Para el actor esos temas tab\u00fa en este pa\u00eds &#8220;no nos atrevemos a decirlos, a articularlo porque eso nos desmontar\u00eda muchos de nuestros mitos fundacionales como la idea del mestizaje y de la raza de bronce se ver\u00edan terriblemente afectadas si aceptamos que hay clasismo y hay racismo&#8221;.<\/p>\n\n\n\n<p>Adem\u00e1s dijo que para muchas personas es dif\u00edcil aceptar que somos racistas y clasistas, y que &#8220;no somos solo v\u00edctimas sino victimarios los que hemos soltado frases y conductas de este tipo&#8221;<\/p>\n","protected":false},"excerpt":{"rendered":"<p>La actriz se\u00f1al\u00f3 que el racismo, aunque se oculta, siempre ha existido, por lo que es necesario regresarlo a la mesa de discusi\u00f3n<\/p>\n","protected":false},"author":80,"featured_media":0,"comment_status":"closed","ping_status":"open","sticky":false,"template":"","format":"standard","meta":{"footnotes":""},"categories":[38],"tags":[382],"class_list":["post-117702","post","type-post","status-publish","format-standard","hentry","category-show","tag-racismo"],"_links":{"self":[{"href":"https:\/\/plazajuarez.mx\/historico\/wp-json\/wp\/v2\/posts\/117702","targetHints":{"allow":["GET"]}}],"collection":[{"href":"https:\/\/plazajuarez.mx\/historico\/wp-json\/wp\/v2\/posts"}],"about":[{"href":"https:\/\/plazajuarez.mx\/historico\/wp-json\/wp\/v2\/types\/post"}],"author":[{"embeddable":true,"href":"https:\/\/plazajuarez.mx\/historico\/wp-json\/wp\/v2\/users\/80"}],"replies":[{"embeddable":true,"href":"https:\/\/plazajuarez.mx\/historico\/wp-json\/wp\/v2\/comments?post=117702"}],"version-history":[{"count":0,"href":"https:\/\/plazajuarez.mx\/historico\/wp-json\/wp\/v2\/posts\/117702\/revisions"}],"wp:attachment":[{"href":"https:\/\/plazajuarez.mx\/historico\/wp-json\/wp\/v2\/media?parent=117702"}],"wp:term":[{"taxonomy":"category","embeddable":true,"href":"https:\/\/plazajuarez.mx\/historico\/wp-json\/wp\/v2\/categories?post=117702"},{"taxonomy":"post_tag","embeddable":true,"href":"https:\/\/plazajuarez.mx\/historico\/wp-json\/wp\/v2\/tags?post=117702"}],"curies":[{"name":"wp","href":"https:\/\/api.w.org\/{rel}","templated":true}]}}