{"id":117587,"date":"2020-06-12T06:00:00","date_gmt":"2020-06-12T11:00:00","guid":{"rendered":"https:\/\/plazajuarez.mx\/?p=117587"},"modified":"2020-06-11T21:20:56","modified_gmt":"2020-06-12T02:20:56","slug":"presentan-en-sesion-virtual-10-iniciativas","status":"publish","type":"post","link":"https:\/\/plazajuarez.mx\/historico\/presentan-en-sesion-virtual-10-iniciativas\/","title":{"rendered":"Presentan en sesi\u00f3n virtual 10 iniciativas"},"content":{"rendered":"\n<ul class=\"wp-block-list\"><li><strong>Proponen crear la Ley de Responsabilidades Administrativas de Hidalgo<\/strong><\/li><\/ul>\n\n\n\n<!--more-->\n\n\n\n<p>Este jueves se llev\u00f3 a cabo la sesi\u00f3n ordinaria n\u00famero 120 de la LXIV Legislatura del Congreso del Estado de Hidalgo, la cual se efectu\u00f3 bajo la modalidad de no presencial, es decir, mediante videoconferencia virtual, atendiendo los protocolos sanitarios demandados por la presencia del virus SARS-CoV-2, causante de la enfermedad coronavirus Covid-19.<\/p>\n\n\n\n<p>Durante el desahogo de los trabajos, la integrante del Grupo Legislativo del Partido Revolucionario Institucional (PRI), Mayka Ortega Eguiluz, propuso dos iniciativas, la primera para modificar la Ley de Educaci\u00f3n para el Estado de Hidalgo, y la segunda para reformar la Ley de Salud para el Estado de Hidalgo.<\/p>\n\n\n\n<p>En la primera, plante\u00f3&nbsp; que se establezca que, la educaci\u00f3n que imparta el Estado, adem\u00e1s de fomentarse otros h\u00e1bitos de higiene, se de prevalencia a la higiene dental adecuada, como un elemento de formaci\u00f3n para ni\u00f1as y ni\u00f1os desde edad temprana que a la postre, permite elevar la calidad de vida de todos, e incluso, coadyuvar para que los recursos del Estado, dejen de utilizarse para la atenci\u00f3n de enfermedades bucales prevenibles mediante una correcta higiene bucal, y puedan ser canalizados a otras \u00e1reas tambi\u00e9n prioritarias.<\/p>\n\n\n\n<p>En la segunda, explic\u00f3 la reforma a efecto de establecer expresamente como facultad de la Secretar\u00eda de Salud, la organizaci\u00f3n, operaci\u00f3n, supervisi\u00f3n y evaluaci\u00f3n de la prestaci\u00f3n de servicios de educaci\u00f3n para la salud, particularmente de prevenci\u00f3n y control de las enfermedades bucodentales. Ambas se turnaron a la Comisi\u00f3n de Legislaci\u00f3n y Puntos Constitucionales para su estudio.<\/p>\n\n\n\n<p>Su compa\u00f1ero de bancada, el diputado Julio Manuel Valera Piedras, propuso enlistar las conductas que se consideran discriminatorias en la Ley para Prevenir, Atender, Sancionar y Eliminar la Discriminaci\u00f3n en el Estado de Hidalgo, respecto a lo establecido en la Ley Federal para Prevenir y Eliminar la Discriminaci\u00f3n.<\/p>\n","protected":false},"excerpt":{"rendered":"<p>Proponen crear la Ley de Responsabilidades Administrativas de Hidalgo<\/p>\n","protected":false},"author":93,"featured_media":0,"comment_status":"closed","ping_status":"open","sticky":false,"template":"","format":"standard","meta":{"footnotes":""},"categories":[59],"tags":[],"class_list":["post-117587","post","type-post","status-publish","format-standard","hentry","category-general"],"_links":{"self":[{"href":"https:\/\/plazajuarez.mx\/historico\/wp-json\/wp\/v2\/posts\/117587","targetHints":{"allow":["GET"]}}],"collection":[{"href":"https:\/\/plazajuarez.mx\/historico\/wp-json\/wp\/v2\/posts"}],"about":[{"href":"https:\/\/plazajuarez.mx\/historico\/wp-json\/wp\/v2\/types\/post"}],"author":[{"embeddable":true,"href":"https:\/\/plazajuarez.mx\/historico\/wp-json\/wp\/v2\/users\/93"}],"replies":[{"embeddable":true,"href":"https:\/\/plazajuarez.mx\/historico\/wp-json\/wp\/v2\/comments?post=117587"}],"version-history":[{"count":0,"href":"https:\/\/plazajuarez.mx\/historico\/wp-json\/wp\/v2\/posts\/117587\/revisions"}],"wp:attachment":[{"href":"https:\/\/plazajuarez.mx\/historico\/wp-json\/wp\/v2\/media?parent=117587"}],"wp:term":[{"taxonomy":"category","embeddable":true,"href":"https:\/\/plazajuarez.mx\/historico\/wp-json\/wp\/v2\/categories?post=117587"},{"taxonomy":"post_tag","embeddable":true,"href":"https:\/\/plazajuarez.mx\/historico\/wp-json\/wp\/v2\/tags?post=117587"}],"curies":[{"name":"wp","href":"https:\/\/api.w.org\/{rel}","templated":true}]}}