{"id":117449,"date":"2020-06-11T06:00:00","date_gmt":"2020-06-11T11:00:00","guid":{"rendered":"https:\/\/plazajuarez.mx\/?p=117449"},"modified":"2020-06-10T21:36:22","modified_gmt":"2020-06-11T02:36:22","slug":"no-permitire-ninguneen-investidura-presidencial","status":"publish","type":"post","link":"https:\/\/plazajuarez.mx\/historico\/no-permitire-ninguneen-investidura-presidencial\/","title":{"rendered":"\u201cNo permitir\u00e9 ninguneen investidura presidencial\u201d"},"content":{"rendered":"\n<ul class=\"wp-block-list\"><li><strong>\u201cLas diferencias se resuelven con di\u00e1logo, paciencia y sin caer en provocaciones\u201d&nbsp;<\/strong><\/li><\/ul>\n\n\n\n<!--more-->\n\n\n\n<p>Pide a rivales no esconderse; \u201cen democracia es leg\u00edtimo ser oposici\u00f3n\u201d<\/p>\n\n\n\n<p>AMLO asegur\u00f3 que las diferencias que se tiene con algunos gobernadores sobre la apertura econ\u00f3mica y el sem\u00e1foro del Covid-19 se resuelve con di\u00e1logo, con paciencia y sin caer en provocaciones, pero advirti\u00f3 que no permitir\u00e1 que \u201cninguneen\u201d la investidura presidencial.<\/p>\n\n\n\n<p>Se\u00f1al\u00f3 que es de mal gusto culpar al Ejecutivo federal de problemas que ocurren en el \u00e1mbito local.<\/p>\n\n\n\n<p><strong>PIDE NO \u201cENSARAPARSE\u201d; \u201cES LEG\u00cdTIMO SER OPOSITOR#<\/strong><\/p>\n\n\n\n<p>Luego de que diversos sectores rechazaron formar parte del Bloque Opositor Amplio (BOA), AMLO asegur\u00f3 que en democracia es leg\u00edtimo ser oposici\u00f3n, por lo que les pidi\u00f3 no esconderse. &#8220;Es leg\u00edtimo ser opositor y estar en contra del gobierno de la transformaci\u00f3n y del cambio de pol\u00edtica econ\u00f3mica, todo eso es normal en una democracia&#8221;.<\/p>\n","protected":false},"excerpt":{"rendered":"<p>\u201cLas diferencias se resuelven con di\u00e1logo, paciencia y sin caer en provocaciones\u201d&nbsp;<\/p>\n","protected":false},"author":81,"featured_media":0,"comment_status":"closed","ping_status":"open","sticky":false,"template":"","format":"standard","meta":{"footnotes":""},"categories":[36],"tags":[144],"class_list":["post-117449","post","type-post","status-publish","format-standard","hentry","category-nacion","tag-amlo"],"_links":{"self":[{"href":"https:\/\/plazajuarez.mx\/historico\/wp-json\/wp\/v2\/posts\/117449","targetHints":{"allow":["GET"]}}],"collection":[{"href":"https:\/\/plazajuarez.mx\/historico\/wp-json\/wp\/v2\/posts"}],"about":[{"href":"https:\/\/plazajuarez.mx\/historico\/wp-json\/wp\/v2\/types\/post"}],"author":[{"embeddable":true,"href":"https:\/\/plazajuarez.mx\/historico\/wp-json\/wp\/v2\/users\/81"}],"replies":[{"embeddable":true,"href":"https:\/\/plazajuarez.mx\/historico\/wp-json\/wp\/v2\/comments?post=117449"}],"version-history":[{"count":0,"href":"https:\/\/plazajuarez.mx\/historico\/wp-json\/wp\/v2\/posts\/117449\/revisions"}],"wp:attachment":[{"href":"https:\/\/plazajuarez.mx\/historico\/wp-json\/wp\/v2\/media?parent=117449"}],"wp:term":[{"taxonomy":"category","embeddable":true,"href":"https:\/\/plazajuarez.mx\/historico\/wp-json\/wp\/v2\/categories?post=117449"},{"taxonomy":"post_tag","embeddable":true,"href":"https:\/\/plazajuarez.mx\/historico\/wp-json\/wp\/v2\/tags?post=117449"}],"curies":[{"name":"wp","href":"https:\/\/api.w.org\/{rel}","templated":true}]}}