{"id":117424,"date":"2020-06-11T06:00:00","date_gmt":"2020-06-11T11:00:00","guid":{"rendered":"https:\/\/plazajuarez.mx\/?p=117424"},"modified":"2020-06-10T22:27:57","modified_gmt":"2020-06-11T03:27:57","slug":"alfil-negro-1849","status":"publish","type":"post","link":"https:\/\/plazajuarez.mx\/historico\/alfil-negro-1849\/","title":{"rendered":"ALFIL NEGRO"},"content":{"rendered":"\n<p><strong>\u00bfQU\u00c9 NOS PASA?<\/strong><\/p>\n\n\n\n<!--more-->\n\n\n\n<p>H\u00e9ctor Su\u00e1rez, recientemente desaparecido, ten\u00eda un programa que se llamaba: &#8220;\u00bfqu\u00e9 nos pasa&#8221;, en el que pon\u00eda a consideraci\u00f3n de los televidentes hechos que parec\u00edan c\u00f3micos, pero que eran un reclamo muy fuerte a esas acciones sin ninguna causa aparente y realizadas nada m\u00e1s porque s\u00ed. Una explicaci\u00f3n que pretend\u00eda justificar lo irracional y lo absurdo.<\/p>\n\n\n\n<p>Sin embargo, quedaba siempre la impresi\u00f3n de que ese &#8220;porque s\u00ed&#8221;, era m\u00e1s bien un pretexto de las causas reales de esa supuesta irresponsabilidad.<\/p>\n\n\n\n<p>Ahora vivimos una pandemia,que se supone es la mayor preocupaci\u00f3n para todos, empezando por las autoridades,&nbsp; en su responsabilidad de hacer del poder una obligaci\u00f3n de servicio a la comunidad.<\/p>\n\n\n\n<p>Eso se supone, pero, estamos viendo hechos que permiten y obligan a preguntarse: \u00bfqu\u00e9 nos pasa?<\/p>\n\n\n\n<p>Si de verdad la pandemia es la m\u00e1xima preocupaci\u00f3n y ocupaci\u00f3n de todos, lo que urge como piso inicial de este gran edificio de acciones contra el Covid 19 es que nuestros l\u00edderes sean el factor que unan a la poblaci\u00f3n, porque el enemigo de salud y vida, barre parejo con todos,&nbsp; y por lo mismo, lograr esa unidad de intenci\u00f3n y de acci\u00f3n, no s\u00f3lo es urgente sino necesaria.<\/p>\n\n\n\n<p>Sin embargo, y sin abundar m\u00e1s sobre el tema, le dejo una pregunta que nadie m\u00e1s que usted debe y puede contestar, \u00bfsomos un pueblo unido en esta hora de emergencias?, quienes tienen poder en el pa\u00eds \u00bftrabajan con acciones y palabras para lograr esta unidad?<\/p>\n\n\n\n<p>Bastar\u00e1 ver los acontecimientos,&nbsp; para ver si la pandemia est\u00e1 siendo tratada en los hechos, como lo m\u00e1s urgente del momento hist\u00f3rico que se vive en el mundo y en M\u00e9xico.<\/p>\n\n\n\n<p>Usted, \u00bfve seriedad nacional de las m\u00e1s altas autoridades,&nbsp; para enfrentar este reto de salud, con acciones que sirvan de ejemplo al resto de la poblaci\u00f3n?<\/p>\n\n\n\n<p>S\u00f3lo es necesario ver, si los gu\u00edas atienden lo que se pide para cortar contagios y si su conducta son faros para los dem\u00e1s.<\/p>\n\n\n\n<p>El otro rengl\u00f3n importante, es ver si no se manifiestan m\u00e1s preocupados por la lucha del poder y por lo mismo,&nbsp; activistas en su lucha para tenerlo, con decisiones que busquen exhibir y lastimar a los que consideren rivales.<\/p>\n\n\n\n<p>Los ciudadanos, podemos y debemos tener un juicio sobre lo qu\u00e9 pasa con el ejercicio del poder y actuar en consecuencia, a la hora que debamos hacer del voto un ejercicio ciudadano para saber a qui\u00e9n le damos poder.<\/p>\n\n\n\n<p>Porque se dice y es cierto,&nbsp; que nosotros los ciudadanos somos los que realmente mandamos,&nbsp; y que s\u00f3lo encargamos el poder,&nbsp; que podemos con el sufragio volver a darlo o ya no darlo.<\/p>\n\n\n\n<p>De esta decisi\u00f3n depende que, por lo pronto,&nbsp; se atienda la pandemia con responsabilidad y compromiso y que la poblaci\u00f3n no sea castigada , m\u00e1s por actos irresponsables, que por la gravedad de la enfermedad.<\/p>\n\n\n\n<p>Saber elegir con responsabilidad a quienes darle poder,&nbsp; ser\u00eda un gran y buen fruto para M\u00e9xico de parte del Covid 19.<\/p>\n\n\n\n<p>El que decide es usted, nosotros.<\/p>\n","protected":false},"excerpt":{"rendered":"<p>\u00bfQU\u00c9 NOS PASA?<\/p>\n","protected":false},"author":83,"featured_media":0,"comment_status":"closed","ping_status":"open","sticky":false,"template":"","format":"standard","meta":{"footnotes":""},"categories":[48,42],"tags":[],"class_list":["post-117424","post","type-post","status-publish","format-standard","hentry","category-adalberto-peralta","category-nuestrapalabra"],"_links":{"self":[{"href":"https:\/\/plazajuarez.mx\/historico\/wp-json\/wp\/v2\/posts\/117424","targetHints":{"allow":["GET"]}}],"collection":[{"href":"https:\/\/plazajuarez.mx\/historico\/wp-json\/wp\/v2\/posts"}],"about":[{"href":"https:\/\/plazajuarez.mx\/historico\/wp-json\/wp\/v2\/types\/post"}],"author":[{"embeddable":true,"href":"https:\/\/plazajuarez.mx\/historico\/wp-json\/wp\/v2\/users\/83"}],"replies":[{"embeddable":true,"href":"https:\/\/plazajuarez.mx\/historico\/wp-json\/wp\/v2\/comments?post=117424"}],"version-history":[{"count":0,"href":"https:\/\/plazajuarez.mx\/historico\/wp-json\/wp\/v2\/posts\/117424\/revisions"}],"wp:attachment":[{"href":"https:\/\/plazajuarez.mx\/historico\/wp-json\/wp\/v2\/media?parent=117424"}],"wp:term":[{"taxonomy":"category","embeddable":true,"href":"https:\/\/plazajuarez.mx\/historico\/wp-json\/wp\/v2\/categories?post=117424"},{"taxonomy":"post_tag","embeddable":true,"href":"https:\/\/plazajuarez.mx\/historico\/wp-json\/wp\/v2\/tags?post=117424"}],"curies":[{"name":"wp","href":"https:\/\/api.w.org\/{rel}","templated":true}]}}