{"id":1174,"date":"2015-02-21T06:00:00","date_gmt":"2015-02-21T06:00:00","guid":{"rendered":"http:\/\/plazajuarez.mx\/index\/index.php\/2015\/02\/21\/hidalgo-sera-sede-del-primer-congreso-internacional-de-actividades-acuaticas\/"},"modified":"2015-02-21T06:00:00","modified_gmt":"2015-02-21T06:00:00","slug":"hidalgo-sera-sede-del-primer-congreso-internacional-de-actividades-acuaticas","status":"publish","type":"post","link":"https:\/\/plazajuarez.mx\/historico\/hidalgo-sera-sede-del-primer-congreso-internacional-de-actividades-acuaticas\/","title":{"rendered":"Hidalgo ser\u00e1 sede del primer Congreso Internacional de Actividades Acu\u00e1ticas"},"content":{"rendered":"<p><strong><span style=\"font-family: verdana,geneva; font-size: 10pt;\">Edgar Argueta Cardoso, director del Instituto Vodder, plantel Pachuca, inform\u00f3 que se llevar\u00e1 a cabo el primer Congreso Internacional de Actividades Acu\u00e1ticas los d\u00edas 27 y 28 de febrero y 1 de marzo del a\u00f1o en el balneario El Teph\u00e9, en el municipio de Ixmiquilpan.<\/span><\/strong><\/p>\n<p>  <!--more-->  <\/p>\n<p>\u00a0<\/p>\n<p><span style=\"font-family: verdana,geneva; font-size: 10pt;\">\u00a0<\/span><\/p>\n<p><span style=\"font-family: verdana,geneva; font-size: 10pt;\">Coment\u00f3 que esta idea surgi\u00f3 tras un evento que envolvi\u00f3 en la cuesti\u00f3n de rehabilitaci\u00f3n y terapias alternativas. \u201cDe ese congreso nacional surgi\u00f3 esta inquietud por hacer otro congreso, pero d\u00e1ndole un impulso a lo que viene siendo en la riqueza que tiene nuestro estado, en aguas termales\u201d indic\u00f3.<\/span><\/p>\n<p><span style=\"font-family: verdana,geneva; font-size: 10pt;\">\u00a0<\/span><\/p>\n<p><span style=\"font-family: verdana,geneva; font-size: 10pt;\">Explic\u00f3 que en dicho evento se va englobar a la rehabilitaci\u00f3n, recreaci\u00f3n, educaci\u00f3n y deporte, todo inmerso en el medio acu\u00e1tico. \u201cEn esta ocasi\u00f3n ser\u00e1 el balneario de El Teph\u00e9\u201d, dijo.<\/span><\/p>\n<p><span style=\"font-family: verdana,geneva; font-size: 10pt;\">\u00a0<\/span><\/p>\n<p><span style=\"font-family: verdana,geneva; font-size: 10pt;\">Destac\u00f3 que durante el encuentro se contar\u00e1 con ponentes de talla internacional de distintos pa\u00edses como son: Cuba, Brasil, Uruguay, Costa Rica y M\u00e9xico. \u201cSe estar\u00e1n impartiendo temas diversos en lo que es la cuesti\u00f3n de la rehabilitaci\u00f3n acu\u00e1tica, entrenamientos y competencias\u201d.<\/span><\/p>\n<p><span style=\"font-family: verdana,geneva; font-size: 10pt;\">\u00a0<\/span><\/p>\n<p><span style=\"font-family: verdana,geneva; font-size: 10pt;\">De igual manera, se llevar\u00e1n a cabo talleres sobre la resistencia respiratoria, propiamente para los nadadores, entre otras cuestiones.<\/span><\/p>\n<p><span style=\"font-family: verdana,geneva; font-size: 10pt;\">\u00a0<\/span><\/p>\n<p><span style=\"font-family: verdana,geneva; font-size: 10pt;\">Expuso que la rehabilitaci\u00f3n consiste en una t\u00e9cnica de danza acu\u00e1tica, apoy\u00e1ndose dentro de una alberca a una temperatura ideal, en donde se realizan diferentes t\u00e9cnicas de ejercicios, estiramientos, movilizaciones a nivel articular, m\u00fasculo esquel\u00e9tico pr\u00e1cticamente, contando con las bondades del agua termal, ayuda a relajar el m\u00fasculo y hacer movimientos que en el piso o cama no pudieran ser tan favorables\u201d.<\/span><\/p>\n<p><span style=\"font-family: verdana,geneva; font-size: 10pt;\">\u00a0<\/span><\/p>\n<p><span style=\"font-family: verdana,geneva; font-size: 10pt;\">Edgar Argueta subray\u00f3 que este tipo de rehabilitaciones est\u00e1n encaminadas a atender situaciones de lesiones de columna, cintura, espalda y en cuestiones de miembro inferior y superior.<\/span><\/p>\n<p><span style=\"font-family: verdana,geneva; font-size: 10pt;\">\u00a0<\/span><\/p>\n<p><span style=\"font-family: verdana,geneva; font-size: 10pt;\">Finalmente, el organizador hizo \u00e9nfasis en que tambi\u00e9n traen temas en la cuesti\u00f3n de las ponencias y talleres sobre nataci\u00f3n para beb\u00e9s, nataci\u00f3n educativa en ni\u00f1os y j\u00f3venes. \u201cHay una ponencia de un cubano el cual se encarga de la detecci\u00f3n de talentos de ni\u00f1os y j\u00f3venes, as\u00ed tambi\u00e9n se contar\u00e1 con una ponente que expondr\u00e1 la rehabilitaci\u00f3n en la tercera edad. Abarcamos pr\u00e1cticamente todas las edades\u201d, finaliz\u00f3.<\/span><\/p>\n<p><span style=\"font-family: verdana,geneva; font-size: 10pt;\">\u00a0<\/span><\/p>\n<p><span style=\"font-family: verdana,geneva; font-size: 10pt;\">Cabe se\u00f1alar que el curso tendr\u00e1 un costo de 2 mil 200 por persona del 1 Enero al 26 de Febrero, el d\u00eda del evento 2 mil 500 y la tarifa grupal de 5 personas el costo ser\u00e1 1 mil 800 por persona, excepto el d\u00eda del evento. Incluye conferencias magistrales, talleres y constancias. Para mayores informes comunicarse al tel\u00e9fono (01771) 107 16 98.<\/span><\/p>\n","protected":false},"excerpt":{"rendered":"<p>Edgar Argueta Cardoso, director del Instituto Vodder, plantel Pachuca, inform\u00f3 que se llevar\u00e1 a cabo el primer Congreso Internacional de Actividades Acu\u00e1ticas los d\u00edas 27 y 28 de febrero y 1 de marzo del a\u00f1o en el balneario El Teph\u00e9, en el municipio de Ixmiquilpan.<\/p>\n","protected":false},"author":93,"featured_media":0,"comment_status":"open","ping_status":"open","sticky":false,"template":"","format":"standard","meta":{"footnotes":""},"categories":[59],"tags":[],"class_list":["post-1174","post","type-post","status-publish","format-standard","hentry","category-general"],"_links":{"self":[{"href":"https:\/\/plazajuarez.mx\/historico\/wp-json\/wp\/v2\/posts\/1174","targetHints":{"allow":["GET"]}}],"collection":[{"href":"https:\/\/plazajuarez.mx\/historico\/wp-json\/wp\/v2\/posts"}],"about":[{"href":"https:\/\/plazajuarez.mx\/historico\/wp-json\/wp\/v2\/types\/post"}],"author":[{"embeddable":true,"href":"https:\/\/plazajuarez.mx\/historico\/wp-json\/wp\/v2\/users\/93"}],"replies":[{"embeddable":true,"href":"https:\/\/plazajuarez.mx\/historico\/wp-json\/wp\/v2\/comments?post=1174"}],"version-history":[{"count":0,"href":"https:\/\/plazajuarez.mx\/historico\/wp-json\/wp\/v2\/posts\/1174\/revisions"}],"wp:attachment":[{"href":"https:\/\/plazajuarez.mx\/historico\/wp-json\/wp\/v2\/media?parent=1174"}],"wp:term":[{"taxonomy":"category","embeddable":true,"href":"https:\/\/plazajuarez.mx\/historico\/wp-json\/wp\/v2\/categories?post=1174"},{"taxonomy":"post_tag","embeddable":true,"href":"https:\/\/plazajuarez.mx\/historico\/wp-json\/wp\/v2\/tags?post=1174"}],"curies":[{"name":"wp","href":"https:\/\/api.w.org\/{rel}","templated":true}]}}