{"id":117398,"date":"2020-06-11T06:00:00","date_gmt":"2020-06-11T11:00:00","guid":{"rendered":"https:\/\/plazajuarez.mx\/?p=117398"},"modified":"2020-06-10T21:25:41","modified_gmt":"2020-06-11T02:25:41","slug":"comida-escolar-sustento-vital-para-ninos","status":"publish","type":"post","link":"https:\/\/plazajuarez.mx\/historico\/comida-escolar-sustento-vital-para-ninos\/","title":{"rendered":"Comida escolar, sustento vital para ni\u00f1os"},"content":{"rendered":"\n<ul class=\"wp-block-list\"><li><strong>Sobre todo para los infantes latinoamericanos, en tiempo de pandemia&nbsp;&nbsp;<\/strong><\/li><\/ul>\n\n\n\n<!--more-->\n\n\n\n<p>10 millones de alumnos de Am\u00e9rica Latina y el Caribe ten\u00edan en la comida escolar su principal y casi \u00fanica fuente de alimento<\/p>\n\n\n\n<p>Con las escuelas de Sao Paulo cerradas y tras haber perdido su trabajo de empleada dom\u00e9stica por culpa de la pandemia, C\u00edcera Claudino se encontr\u00f3 sin recursos para alimentar a sus cuatro hijos, ya que el sueldo de su marido era insuficiente.<\/p>\n\n\n\n<p>&#8220;La situaci\u00f3n en mi casa no est\u00e1 muy bien&#8221;, confiesa la mujer de 59 a\u00f1os desde el colegio donde estudia una de sus hijas. All\u00ed recoge una de las 440.000 cestas b\u00e1sicas que el ayuntamiento de la megal\u00f3polis brasile\u00f1a entrega a las familias m\u00e1s vulnerables.<\/p>\n\n\n\n<p>En circunstancias similares se encuentran otros 10 millones de alumnos de Am\u00e9rica Latina y el Caribe que ten\u00edan en la comida escolar su principal y casi \u00fanica fuente de alimento y quedaron en riesgo a ra\u00edz de la suspensi\u00f3n de clases y las cuarentenas que rigen en la mayor\u00eda de pa\u00edses de la regi\u00f3n.<\/p>\n\n\n\n<p>Son el eslab\u00f3n m\u00e1s d\u00e9bil del total de 85 millones de ni\u00f1os en la regi\u00f3n a los que llegan los programas de alimentaci\u00f3n escolar impulsados por la Organizaci\u00f3n de Naciones Unidas para la Alimentaci\u00f3n y la Agricultura (FAO) para combatir el hambre.<\/p>\n\n\n\n<p>En el actual contexto de pandemia y con las clases suspendidas, 12 pa\u00edses informaron de la implementaci\u00f3n de diversas medidas para proveer de entre una y dos comidas diarias a los escolares.<\/p>\n\n\n\n<p>Seg\u00fan los datos entregados por los gobiernos a la FAO, la cobertura de emergencia ha beneficiado a cerca de 54 millones de ni\u00f1os en la regi\u00f3n durante la pandemia.<\/p>\n\n\n\n<p>Brasil fue uno de los pa\u00edses que respondieron m\u00e1s r\u00e1pido a la urgencia y ya atiende a unos 40 millones de ni\u00f1os, una cifra parecida a la de estudiantes que se beneficiaban de la alimentaci\u00f3n escolar antes del Covid-19.<\/p>\n","protected":false},"excerpt":{"rendered":"<p>Sobre todo para los infantes latinoamericanos, en tiempo de pandemia&nbsp;&nbsp;<\/p>\n","protected":false},"author":80,"featured_media":0,"comment_status":"closed","ping_status":"open","sticky":false,"template":"","format":"standard","meta":{"footnotes":""},"categories":[31],"tags":[1652,1653],"class_list":["post-117398","post","type-post","status-publish","format-standard","hentry","category-orbe","tag-comida","tag-escuela"],"_links":{"self":[{"href":"https:\/\/plazajuarez.mx\/historico\/wp-json\/wp\/v2\/posts\/117398","targetHints":{"allow":["GET"]}}],"collection":[{"href":"https:\/\/plazajuarez.mx\/historico\/wp-json\/wp\/v2\/posts"}],"about":[{"href":"https:\/\/plazajuarez.mx\/historico\/wp-json\/wp\/v2\/types\/post"}],"author":[{"embeddable":true,"href":"https:\/\/plazajuarez.mx\/historico\/wp-json\/wp\/v2\/users\/80"}],"replies":[{"embeddable":true,"href":"https:\/\/plazajuarez.mx\/historico\/wp-json\/wp\/v2\/comments?post=117398"}],"version-history":[{"count":0,"href":"https:\/\/plazajuarez.mx\/historico\/wp-json\/wp\/v2\/posts\/117398\/revisions"}],"wp:attachment":[{"href":"https:\/\/plazajuarez.mx\/historico\/wp-json\/wp\/v2\/media?parent=117398"}],"wp:term":[{"taxonomy":"category","embeddable":true,"href":"https:\/\/plazajuarez.mx\/historico\/wp-json\/wp\/v2\/categories?post=117398"},{"taxonomy":"post_tag","embeddable":true,"href":"https:\/\/plazajuarez.mx\/historico\/wp-json\/wp\/v2\/tags?post=117398"}],"curies":[{"name":"wp","href":"https:\/\/api.w.org\/{rel}","templated":true}]}}