{"id":117351,"date":"2020-06-11T06:00:00","date_gmt":"2020-06-11T11:00:00","guid":{"rendered":"https:\/\/plazajuarez.mx\/?p=117351"},"modified":"2020-06-10T21:30:15","modified_gmt":"2020-06-11T02:30:15","slug":"oms-esta-preocupada-por-el-aumento-de-casos","status":"publish","type":"post","link":"https:\/\/plazajuarez.mx\/historico\/oms-esta-preocupada-por-el-aumento-de-casos\/","title":{"rendered":"OMS est\u00e1 &#8220;preocupada&#8221; por el aumento de casos"},"content":{"rendered":"\n<ul class=\"wp-block-list\"><li><strong>En el Mediterr\u00e1neo Oriental<\/strong><\/li><\/ul>\n\n\n\n<!--more-->\n\n\n\n<p>\u201cEst\u00e1n experimentando un incremento de casos preocupante, de Marruecos hasta Afganist\u00e1n<\/p>\n\n\n\n<p>La Organizaci\u00f3n Mundial de la Salud (OMS) alert\u00f3 ayer de una subida de los casos de coronavirus en el Mediterr\u00e1neo Oriental, de Marruecos hasta Afganist\u00e1n, durante las \u00faltimas tres semanas, una situaci\u00f3n que ve &#8220;preocupante&#8221; despu\u00e9s de que la noche del martes la regi\u00f3n alcanza cerca de 670.000 contagios.<\/p>\n\n\n\n<p>&#8220;A nivel regional, estamos viendo un aumento de los casos diarios de los que se informa, con una aceleraci\u00f3n en las \u00faltimas tres semanas. Esto es un desarrollo preocupante&#8221;, dijo en una rueda de prensa virtual el director regional de la OMS para el Mediterr\u00e1neo Oriental, Ahmed al Mandhari.<\/p>\n\n\n\n<p>Precis\u00f3 que hasta el momento la regi\u00f3n ha registrado cerca de 670.000 contagios y 15.000 muertes, lo que supone casi un 10 % de los casos mundiales, y agreg\u00f3 que el grueso de contagios en la \u00faltima semana se concentr\u00f3 en Pakist\u00e1n, Ir\u00e1n y Arabia Saud\u00ed.<\/p>\n","protected":false},"excerpt":{"rendered":"<p>En el Mediterr\u00e1neo Oriental<\/p>\n","protected":false},"author":80,"featured_media":0,"comment_status":"closed","ping_status":"open","sticky":false,"template":"","format":"standard","meta":{"footnotes":""},"categories":[31],"tags":[93,237],"class_list":["post-117351","post","type-post","status-publish","format-standard","hentry","category-orbe","tag-covid-19","tag-oms"],"_links":{"self":[{"href":"https:\/\/plazajuarez.mx\/historico\/wp-json\/wp\/v2\/posts\/117351","targetHints":{"allow":["GET"]}}],"collection":[{"href":"https:\/\/plazajuarez.mx\/historico\/wp-json\/wp\/v2\/posts"}],"about":[{"href":"https:\/\/plazajuarez.mx\/historico\/wp-json\/wp\/v2\/types\/post"}],"author":[{"embeddable":true,"href":"https:\/\/plazajuarez.mx\/historico\/wp-json\/wp\/v2\/users\/80"}],"replies":[{"embeddable":true,"href":"https:\/\/plazajuarez.mx\/historico\/wp-json\/wp\/v2\/comments?post=117351"}],"version-history":[{"count":0,"href":"https:\/\/plazajuarez.mx\/historico\/wp-json\/wp\/v2\/posts\/117351\/revisions"}],"wp:attachment":[{"href":"https:\/\/plazajuarez.mx\/historico\/wp-json\/wp\/v2\/media?parent=117351"}],"wp:term":[{"taxonomy":"category","embeddable":true,"href":"https:\/\/plazajuarez.mx\/historico\/wp-json\/wp\/v2\/categories?post=117351"},{"taxonomy":"post_tag","embeddable":true,"href":"https:\/\/plazajuarez.mx\/historico\/wp-json\/wp\/v2\/tags?post=117351"}],"curies":[{"name":"wp","href":"https:\/\/api.w.org\/{rel}","templated":true}]}}