{"id":117349,"date":"2020-06-11T06:00:00","date_gmt":"2020-06-11T11:00:00","guid":{"rendered":"https:\/\/plazajuarez.mx\/?p=117349"},"modified":"2020-06-10T20:43:32","modified_gmt":"2020-06-11T01:43:32","slug":"nascar-presenta-automovil-que-correra-contra-el-racismo","status":"publish","type":"post","link":"https:\/\/plazajuarez.mx\/historico\/nascar-presenta-automovil-que-correra-contra-el-racismo\/","title":{"rendered":"Nascar presenta autom\u00f3vil que correr\u00e1 contra el racismo"},"content":{"rendered":"\n<ul class=\"wp-block-list\"><li><strong>Wallace tuvo un aporte significativo en el esquema de pintura que fue revelado en los medios sociales de RPM<\/strong><\/li><\/ul>\n\n\n\n<!--more-->\n\n\n\n<p>El piloto afroamericano Bubba Wallace y Richard Petty Motorsports revelaron la nueva pintura #BlackLivesMatter para el Chevrolet que conduce en Nascar. Adem\u00e1s de la frase &#8220;#BlackLivesMatter&#8221; (Las vidas negras importan), en el cofre del veh\u00edculo de pint\u00f3 un pu\u00f1o negro entrelazado con un pu\u00f1o blanco.<\/p>\n\n\n\n<p>Wallace, que ha sido franco sobre los disturbios civiles centrados en la desigualdad racial y el lugar de Nascar en la conversaci\u00f3n nacional, estrenar\u00e1 el dise\u00f1o de pintura en la carrera de este mi\u00e9rcoles.<\/p>\n\n\n\n<p>Wallace tuvo un aporte significativo en el esquema de pintura que fue revelado en los canales de medios sociales de RPM. &#8220;Estoy emocionado por esta oportunidad de correr #BlackLivesMatter en el coche para Martinsville&#8221;, dijo Wallace en un video publicado en el manejo de Twitter de Richard Petty Motorsports.<\/p>\n\n\n\n<p>&#8220;Esta declaraci\u00f3n que tenemos aqu\u00ed. &#8230; Manejando este coche de carreras. Estar en la televisi\u00f3n en vivo. Creo que va a hablar mucho por lo que de pie, pero tambi\u00e9n por lo que la iniciativa que Nascar, todo el deporte, est\u00e1 tratando de impulsar&#8221;.<\/p>\n","protected":false},"excerpt":{"rendered":"<p>Wallace tuvo un aporte significativo en el esquema de pintura que fue revelado en los medios sociales de RPM<\/p>\n","protected":false},"author":81,"featured_media":0,"comment_status":"closed","ping_status":"open","sticky":false,"template":"","format":"standard","meta":{"footnotes":""},"categories":[39],"tags":[1618,382],"class_list":["post-117349","post","type-post","status-publish","format-standard","hentry","category-deportiva","tag-nascar","tag-racismo"],"_links":{"self":[{"href":"https:\/\/plazajuarez.mx\/historico\/wp-json\/wp\/v2\/posts\/117349","targetHints":{"allow":["GET"]}}],"collection":[{"href":"https:\/\/plazajuarez.mx\/historico\/wp-json\/wp\/v2\/posts"}],"about":[{"href":"https:\/\/plazajuarez.mx\/historico\/wp-json\/wp\/v2\/types\/post"}],"author":[{"embeddable":true,"href":"https:\/\/plazajuarez.mx\/historico\/wp-json\/wp\/v2\/users\/81"}],"replies":[{"embeddable":true,"href":"https:\/\/plazajuarez.mx\/historico\/wp-json\/wp\/v2\/comments?post=117349"}],"version-history":[{"count":0,"href":"https:\/\/plazajuarez.mx\/historico\/wp-json\/wp\/v2\/posts\/117349\/revisions"}],"wp:attachment":[{"href":"https:\/\/plazajuarez.mx\/historico\/wp-json\/wp\/v2\/media?parent=117349"}],"wp:term":[{"taxonomy":"category","embeddable":true,"href":"https:\/\/plazajuarez.mx\/historico\/wp-json\/wp\/v2\/categories?post=117349"},{"taxonomy":"post_tag","embeddable":true,"href":"https:\/\/plazajuarez.mx\/historico\/wp-json\/wp\/v2\/tags?post=117349"}],"curies":[{"name":"wp","href":"https:\/\/api.w.org\/{rel}","templated":true}]}}