{"id":117348,"date":"2020-06-11T06:00:00","date_gmt":"2020-06-11T11:00:00","guid":{"rendered":"https:\/\/plazajuarez.mx\/?p=117348"},"modified":"2020-06-10T20:41:56","modified_gmt":"2020-06-11T01:41:56","slug":"djokovic-duda-que-el-us-open-se-celebre","status":"publish","type":"post","link":"https:\/\/plazajuarez.mx\/historico\/djokovic-duda-que-el-us-open-se-celebre\/","title":{"rendered":"Djokovic duda que el US Open se celebre"},"content":{"rendered":"\n<ul class=\"wp-block-list\"><li><strong>Asegur\u00f3 que muchos jugadores con los que ha hablado comparten esa postura negativa<\/strong><\/li><\/ul>\n\n\n\n<!--more-->\n\n\n\n<p>Novak Djokovic, n\u00famero uno del tenis mundial, duda de una participaci\u00f3n en el Abierto de EEUU, previsto por el momento entre el 31 de agosto y 13 de septiembre, por las exigencias sanitarias contra la pandemia del coronavirus.<\/p>\n\n\n\n<p>&#8220;De momento las medidas son muy rigurosas. Cuando uno aterriza en suelo estadounidense debe permanecer 14 d\u00edas en cuarentena&#8221;, dijo en declaraciones a la televisi\u00f3n p\u00fablica serbia RTS.<\/p>\n\n\n\n<p>&#8220;Para la mayor\u00eda de los tenistas, yo incluido, no habr\u00eda acceso a la cancha ni la posibilidad de entrenar&#8221;, agreg\u00f3.<\/p>\n\n\n\n<p>&#8220;Es algo bastante inimaginable en este momento. Adem\u00e1s, no habr\u00eda acceso a Manhattan, deber\u00edamos dormir en un hotel en el aeropuerto, ir al club acompa\u00f1ados s\u00f3lo de una persona. No habr\u00eda p\u00fablico, ni medios de comunicaci\u00f3n. Condiciones bastantes extremas para jugar. No s\u00e9 si es sostenible&#8221;, advirti\u00f3 Djokovic.<\/p>\n\n\n\n<p>En ese sentido, asegur\u00f3 que muchos de los jugadores con los que ha hablado comparten esa postura negativa sobre una participaci\u00f3n en el Abierto de Estados Unidos.<\/p>\n\n\n\n<p>&#8220;Para m\u00ed en este momento lo m\u00e1s realista es que la temporada se reanude en tierra batida, a comienzos de septiembre. Madrid, Roma, posiblemente algunos torneos antes de Roland Garros&#8221;, dijo en referencia al Abierto de Francia, aplazado a septiembre.<\/p>\n\n\n\n<p>&#8220;Claro, a todos nos gustar\u00eda regresar cuando antes a la cancha, jugar torneos de v\u00edspera de US Open y el propio US Open. Espero que as\u00ed pase, pero debe haber alg\u00fan tipo de compromiso y acuerdo entre los jugadores y el organizador. Ya veremos si se producir\u00e1&#8221;, dijo.<\/p>\n\n\n\n<p>Djokovic organiza a partir de este fin de semana un torneo regional, el Adria Tour, con fines ben\u00e9ficos en Belgrado y otras ciudades de los Balcanes occidentales.&nbsp;<\/p>\n","protected":false},"excerpt":{"rendered":"<p>Asegur\u00f3 que muchos jugadores con los que ha hablado comparten esa postura negativa<\/p>\n","protected":false},"author":80,"featured_media":0,"comment_status":"closed","ping_status":"open","sticky":false,"template":"","format":"standard","meta":{"footnotes":""},"categories":[39],"tags":[],"class_list":["post-117348","post","type-post","status-publish","format-standard","hentry","category-deportiva"],"_links":{"self":[{"href":"https:\/\/plazajuarez.mx\/historico\/wp-json\/wp\/v2\/posts\/117348","targetHints":{"allow":["GET"]}}],"collection":[{"href":"https:\/\/plazajuarez.mx\/historico\/wp-json\/wp\/v2\/posts"}],"about":[{"href":"https:\/\/plazajuarez.mx\/historico\/wp-json\/wp\/v2\/types\/post"}],"author":[{"embeddable":true,"href":"https:\/\/plazajuarez.mx\/historico\/wp-json\/wp\/v2\/users\/80"}],"replies":[{"embeddable":true,"href":"https:\/\/plazajuarez.mx\/historico\/wp-json\/wp\/v2\/comments?post=117348"}],"version-history":[{"count":0,"href":"https:\/\/plazajuarez.mx\/historico\/wp-json\/wp\/v2\/posts\/117348\/revisions"}],"wp:attachment":[{"href":"https:\/\/plazajuarez.mx\/historico\/wp-json\/wp\/v2\/media?parent=117348"}],"wp:term":[{"taxonomy":"category","embeddable":true,"href":"https:\/\/plazajuarez.mx\/historico\/wp-json\/wp\/v2\/categories?post=117348"},{"taxonomy":"post_tag","embeddable":true,"href":"https:\/\/plazajuarez.mx\/historico\/wp-json\/wp\/v2\/tags?post=117348"}],"curies":[{"name":"wp","href":"https:\/\/api.w.org\/{rel}","templated":true}]}}