{"id":117347,"date":"2020-06-11T06:00:00","date_gmt":"2020-06-11T11:00:00","guid":{"rendered":"https:\/\/plazajuarez.mx\/?p=117347"},"modified":"2020-06-10T20:40:47","modified_gmt":"2020-06-11T01:40:47","slug":"coi-abre-la-puerta-a-deportistas-contra-el-racismo","status":"publish","type":"post","link":"https:\/\/plazajuarez.mx\/historico\/coi-abre-la-puerta-a-deportistas-contra-el-racismo\/","title":{"rendered":"COI ABRE LA PUERTA A DEPORTISTAS CONTRA EL RACISMO"},"content":{"rendered":"\n<ul class=\"wp-block-list\"><li><strong>El presidente del COI, Thomas Bach, anunci\u00f3 en rueda de prensa su apoyo<\/strong><\/li><\/ul>\n\n\n\n<!--more-->\n\n\n\n<p>El Comit\u00e9 Ol\u00edmpico Internacional (COI) se mostr\u00f3 este mi\u00e9rcoles abierto a la posibilidad de que los deportistas protagonicen durante los JJOO gestos de protesta contra el racismo o en favor de los derechos humanos, pese a que tradicionalmente se ha opuesto a este tipo de manifestaciones extradeportivas.<br><br>El presidente del COI, Thomas Bach, anunci\u00f3 en rueda de prensa que el organismo ha mostrado su apoyo a una iniciativa de su Comisi\u00f3n de Atletas &#8220;para explorar diferentes formas en las que los deportistas pueden expresar su apoyo a principios de la Carta Ol\u00edmpica, tambi\u00e9n durante los Juegos Ol\u00edmpicos&#8221;.<br><br>Bach tambi\u00e9n aprovech\u00f3 para condenar en nombre del COI y &#8220;en los t\u00e9rminos m\u00e1s en\u00e9rgicos&#8221; el racismo, en l\u00ednea con las protestas que en todo el mundo se han celebrado en las \u00faltimas semanas por la muerte del afroamericano George Floyd a manos de un polic\u00eda en estados Unidos.<br><br>&#8220;Los Juegos Ol\u00edmpicos son una poderosa manifestaci\u00f3n global contra el racismo y a favor de la inclusi\u00f3n&#8221;, se\u00f1al\u00f3 Bach, quien declar\u00f3 que &#8220;no habr\u00e1 paz hasta que los prejuicios que ahora separan las diferentes razas sean superados, y para ello nada mejor que reunir a j\u00f3venes de todos los pa\u00edses peri\u00f3dicamente&#8221; en los Juegos.<br><br>En los Juegos de M\u00e9xico de 1968 se hizo famoso el gesto en favor de los derechos de la poblaci\u00f3n afroamericana.<\/p>\n","protected":false},"excerpt":{"rendered":"<p>El presidente del COI, Thomas Bach, anunci\u00f3 en rueda de prensa su apoyo<\/p>\n","protected":false},"author":80,"featured_media":0,"comment_status":"closed","ping_status":"open","sticky":false,"template":"","format":"standard","meta":{"footnotes":""},"categories":[39],"tags":[1611,382],"class_list":["post-117347","post","type-post","status-publish","format-standard","hentry","category-deportiva","tag-deportistas","tag-racismo"],"_links":{"self":[{"href":"https:\/\/plazajuarez.mx\/historico\/wp-json\/wp\/v2\/posts\/117347","targetHints":{"allow":["GET"]}}],"collection":[{"href":"https:\/\/plazajuarez.mx\/historico\/wp-json\/wp\/v2\/posts"}],"about":[{"href":"https:\/\/plazajuarez.mx\/historico\/wp-json\/wp\/v2\/types\/post"}],"author":[{"embeddable":true,"href":"https:\/\/plazajuarez.mx\/historico\/wp-json\/wp\/v2\/users\/80"}],"replies":[{"embeddable":true,"href":"https:\/\/plazajuarez.mx\/historico\/wp-json\/wp\/v2\/comments?post=117347"}],"version-history":[{"count":0,"href":"https:\/\/plazajuarez.mx\/historico\/wp-json\/wp\/v2\/posts\/117347\/revisions"}],"wp:attachment":[{"href":"https:\/\/plazajuarez.mx\/historico\/wp-json\/wp\/v2\/media?parent=117347"}],"wp:term":[{"taxonomy":"category","embeddable":true,"href":"https:\/\/plazajuarez.mx\/historico\/wp-json\/wp\/v2\/categories?post=117347"},{"taxonomy":"post_tag","embeddable":true,"href":"https:\/\/plazajuarez.mx\/historico\/wp-json\/wp\/v2\/tags?post=117347"}],"curies":[{"name":"wp","href":"https:\/\/api.w.org\/{rel}","templated":true}]}}