{"id":117098,"date":"2020-06-10T06:00:00","date_gmt":"2020-06-10T11:00:00","guid":{"rendered":"https:\/\/plazajuarez.mx\/?p=117098"},"modified":"2020-06-09T21:49:45","modified_gmt":"2020-06-10T02:49:45","slug":"nostalgia-chilena","status":"publish","type":"post","link":"https:\/\/plazajuarez.mx\/historico\/nostalgia-chilena\/","title":{"rendered":"Nostalgia chilena"},"content":{"rendered":"\n<ul class=\"wp-block-list\"><li><strong>Hay cosas que no han cambiado y que est\u00e1n tal y como las recuerda, expone el realizador<\/strong><\/li><\/ul>\n\n\n\n<!--more-->\n\n\n\n<p>En uno de los pasados Festivales Internacionales de Cine de la UNAM, se dio a conocer la obra del actor y director chileno Ignacio Ag\u00fcero.<\/p>\n\n\n\n<p>Por eso no es de extra\u00f1ar que en la X edici\u00f3n del FICUNAM en l\u00ednea se haya programado su m\u00e1s reciente pel\u00edcula \u201cNunca sub\u00ed el Provincia\u201d.<\/p>\n\n\n\n<p>Al igual que en filmes anteriores \u201cComo me da la gana\u201d, el cineasta nacido en Santiago el 7 de marzo de 1952, hace un ejercicio de nostalgia y regresa a su pueblo natal.<\/p>\n\n\n\n<p>Hay cosas que no han cambiado y que est\u00e1n tal y como las recuerda.<\/p>\n\n\n\n<p>En cambio algunas de las personas se han ido para siempre.<\/p>\n\n\n\n<p>Por ejemplo, al distinguido caballero que se parec\u00eda a Peter O\u2019Tole y al que pensaba entrevistar, fallece antes de poder hacerlo, y se tiene que conformar con platicar con quienes lo conocieron.<\/p>\n\n\n\n<p>Encuentra en situaci\u00f3n de calle a un hombre que le dice que ha vivido en el barrio durante los dos \u00faltimos a\u00f1os, y que la gente lo trata bien.<\/p>\n\n\n\n<p>Al igual que en otros filmes, aprovecha al tipo que toca para pedir ayuda, para que le cuente su vida.<\/p>\n\n\n\n<p>Sutilmente el director inserta trozos documentales de la represi\u00f3n militar que merm\u00f3 a la poblaci\u00f3n local y que le dej\u00f3 una profunda huella.<\/p>\n\n\n\n<p>Pero esta curiosidad no es compartida por todos, y una vecina se niega a mostrarle su cuarto.<\/p>\n\n\n\n<p>Algunas de las viejas casas del barrio han sido demolidas para dar paso a edificios de departamentos exclusivos, uno de los cuales le ha tapado la visi\u00f3n a la monta\u00f1a del t\u00edtulo.<\/p>\n\n\n\n<p>\u201cNunca sub\u00ed al Provincia\u201d es pues un sencillo y entra\u00f1able filme de uno de los mejores documentalistas chilenos de la actualidad.<\/p>\n","protected":false},"excerpt":{"rendered":"<p>Hay cosas que no han cambiado y que est\u00e1n tal y como las recuerda, expone el realizador<\/p>\n","protected":false},"author":96,"featured_media":0,"comment_status":"closed","ping_status":"open","sticky":false,"template":"","format":"standard","meta":{"footnotes":""},"categories":[41,54,42],"tags":[],"class_list":["post-117098","post","type-post","status-publish","format-standard","hentry","category-arteria-cultural","category-jorge-carrasco","category-nuestrapalabra"],"_links":{"self":[{"href":"https:\/\/plazajuarez.mx\/historico\/wp-json\/wp\/v2\/posts\/117098","targetHints":{"allow":["GET"]}}],"collection":[{"href":"https:\/\/plazajuarez.mx\/historico\/wp-json\/wp\/v2\/posts"}],"about":[{"href":"https:\/\/plazajuarez.mx\/historico\/wp-json\/wp\/v2\/types\/post"}],"author":[{"embeddable":true,"href":"https:\/\/plazajuarez.mx\/historico\/wp-json\/wp\/v2\/users\/96"}],"replies":[{"embeddable":true,"href":"https:\/\/plazajuarez.mx\/historico\/wp-json\/wp\/v2\/comments?post=117098"}],"version-history":[{"count":0,"href":"https:\/\/plazajuarez.mx\/historico\/wp-json\/wp\/v2\/posts\/117098\/revisions"}],"wp:attachment":[{"href":"https:\/\/plazajuarez.mx\/historico\/wp-json\/wp\/v2\/media?parent=117098"}],"wp:term":[{"taxonomy":"category","embeddable":true,"href":"https:\/\/plazajuarez.mx\/historico\/wp-json\/wp\/v2\/categories?post=117098"},{"taxonomy":"post_tag","embeddable":true,"href":"https:\/\/plazajuarez.mx\/historico\/wp-json\/wp\/v2\/tags?post=117098"}],"curies":[{"name":"wp","href":"https:\/\/api.w.org\/{rel}","templated":true}]}}