{"id":117096,"date":"2020-06-10T06:00:00","date_gmt":"2020-06-10T11:00:00","guid":{"rendered":"https:\/\/plazajuarez.mx\/?p=117096"},"modified":"2020-06-09T21:22:40","modified_gmt":"2020-06-10T02:22:40","slug":"manejan-pandemia-como-si-ya-fuera-a-terminar","status":"publish","type":"post","link":"https:\/\/plazajuarez.mx\/historico\/manejan-pandemia-como-si-ya-fuera-a-terminar\/","title":{"rendered":"\u201cManejan pandemia como si ya fuera a terminar\u201d"},"content":{"rendered":"\n<ul class=\"wp-block-list\"><li><strong>Fuerte cr\u00edtica a gobiernos del mundo, de parte de epidemi\u00f3logo estadounidense\u00a0\u00a0<\/strong><\/li><\/ul>\n\n\n\n<ul class=\"wp-block-list\"><li><strong>Cuando se tenga la vacuna, habr\u00e1 ocho mil millones de personas que la querr\u00e1n el mismo d\u00eda. Nos llevar\u00e1 a\u00f1os hacer suficientes<\/strong><\/li><\/ul>\n\n\n\n<!--more-->\n\n\n\n<p>EFE.- El epidemi\u00f3logo de EU Michael Osterholm considera que el mundo respondi\u00f3 lentamente ante la pandemia y, ahora, \u201cla est\u00e1 manejando como si ya casi hubi\u00e9ramos terminado, no es as\u00ed\u201d.&nbsp;<\/p>\n\n\n\n<p>Osterholm, fundador del Centro para Enfermedades Infecciosas (Cidrap) de la Universidad de Minesota (EU) acaba de publicar una versi\u00f3n actualizada de su libro &#8220;La amenaza m\u00e1s letal&#8221; (Planeta), sobre la lucha contra las pandemias y c\u00f3mo intentar evitarlas, con un pr\u00f3logo en que analiza la actual.&nbsp;<\/p>\n\n\n\n<p><strong>Pregunta: \u00bfLo peor de esta pandemia ha pasado?&nbsp;<\/strong><\/p>\n\n\n\n<p>Respuesta: Esto va a estar con nosotros durante varios a\u00f1os. Tiene que haber una vacuna segura y eficaz, que no creo que vaya a llegar muy pronto, as\u00ed que tendremos que entender que, desafortunadamente, considerando todo el dolor, el sufrimiento, la muerte y la perturbaci\u00f3n econ\u00f3mica, est\u00e1 al comienzo, no al final.&nbsp;<\/p>\n\n\n\n<p><strong>P: Entonces, \u00bfcu\u00e1nto tiempo estar\u00e1 el virus entre nosotros?&nbsp;<\/strong><\/p>\n\n\n\n<p>R: No lo sabemos y hay varias razones. La primera es que no sabemos si realmente se desarrolla inmunidad duradera. Los estudios sugieren que se desarrollan anticuerpos neutralizantes, pero como se ha visto con otros coronavirus puede ser un tipo de protecci\u00f3n temporal, hasta que no tengamos m\u00e1s datos no estaremos seguros. La segunda es que no sabemos qu\u00e9 pasar\u00e1 con las vacunas. Esperemos que podamos encontrar una, pero no este a\u00f1o.<\/p>\n","protected":false},"excerpt":{"rendered":"<p>Fuerte cr\u00edtica a gobiernos del mundo, de parte de epidemi\u00f3logo estadounidense\u00a0\u00a0 Cuando se tenga la vacuna, habr\u00e1 ocho mil millones de personas que la querr\u00e1n el mismo d\u00eda. Nos llevar\u00e1 a\u00f1os hacer suficientes<\/p>\n","protected":false},"author":80,"featured_media":0,"comment_status":"closed","ping_status":"open","sticky":false,"template":"","format":"standard","meta":{"footnotes":""},"categories":[31],"tags":[],"class_list":["post-117096","post","type-post","status-publish","format-standard","hentry","category-orbe"],"_links":{"self":[{"href":"https:\/\/plazajuarez.mx\/historico\/wp-json\/wp\/v2\/posts\/117096","targetHints":{"allow":["GET"]}}],"collection":[{"href":"https:\/\/plazajuarez.mx\/historico\/wp-json\/wp\/v2\/posts"}],"about":[{"href":"https:\/\/plazajuarez.mx\/historico\/wp-json\/wp\/v2\/types\/post"}],"author":[{"embeddable":true,"href":"https:\/\/plazajuarez.mx\/historico\/wp-json\/wp\/v2\/users\/80"}],"replies":[{"embeddable":true,"href":"https:\/\/plazajuarez.mx\/historico\/wp-json\/wp\/v2\/comments?post=117096"}],"version-history":[{"count":0,"href":"https:\/\/plazajuarez.mx\/historico\/wp-json\/wp\/v2\/posts\/117096\/revisions"}],"wp:attachment":[{"href":"https:\/\/plazajuarez.mx\/historico\/wp-json\/wp\/v2\/media?parent=117096"}],"wp:term":[{"taxonomy":"category","embeddable":true,"href":"https:\/\/plazajuarez.mx\/historico\/wp-json\/wp\/v2\/categories?post=117096"},{"taxonomy":"post_tag","embeddable":true,"href":"https:\/\/plazajuarez.mx\/historico\/wp-json\/wp\/v2\/tags?post=117096"}],"curies":[{"name":"wp","href":"https:\/\/api.w.org\/{rel}","templated":true}]}}