{"id":116902,"date":"2020-06-09T06:00:00","date_gmt":"2020-06-09T11:00:00","guid":{"rendered":"https:\/\/plazajuarez.mx\/?p=116902"},"modified":"2020-06-08T21:40:22","modified_gmt":"2020-06-09T02:40:22","slug":"el-agora-otra-vez-el-racismo","status":"publish","type":"post","link":"https:\/\/plazajuarez.mx\/historico\/el-agora-otra-vez-el-racismo\/","title":{"rendered":"El \u00c1gora: Otra vez el racismo"},"content":{"rendered":"\n<p>Otra vez tenemos que hablar de racismo, otra vez toca se\u00f1alar lo evidente, indignarse por lo absurdo y demandar esa tan anhelada justicia que parece esconderse a la vuelta de la esquina, pero que nunca acabamos de encontrar. Otra vez las plazas y avenidas, los micr\u00f3fonos y las plumas vuelven sobre este viejo tema. Una vez&nbsp; m\u00e1s, en pleno 2020, existe la penosa necesidad de alzar la voz y protestar contra esto. Y no me mal entiendan, no lo digo ni con condescendencia, ni mucho menos con pereza. Lo digo, m\u00e1s bien, con rabia, aunque desafortunadamente no con sorpresa. \u00c9ste es el mundo en que nos ha tocado vivir.&nbsp;<\/p>\n\n\n\n<p>El artero asesinato de George Floyd, hombre afroamericano, a manos de un polic\u00eda blanco en la ciudad de Minneapolis, reaviv\u00f3 una mecha que tanto en Estados Unidos, como en otros pa\u00edses, nunca ha estado del todo apagada. All\u00e1, en medio de la pandemia, la cosa se torn\u00f3 compleja. La gente tom\u00f3 las calles, harta, cansada, por tener que exigir de nueva cuenta que se respete la vida de quienes pertenecen a una minor\u00eda hist\u00f3ricamente lastimada. Sin embargo, la protesta no se limit\u00f3 a eso.&nbsp;<\/p>\n\n\n\n<p>En una imagen que circul\u00f3 ampliamente en redes sociales, se observan cinco personas protestando afuera de las oficinas centrales&nbsp; de CNN, en Atlanta. Dos de ellas muestran las banderas del movimiento Black Lives Matter y de M\u00e9xico. \u00bfY por qu\u00e9 es tan poderosa y significativa esa fotograf\u00eda? Bien, porque el hecho de que en el marco de las propuestas por la brutalidad policiaca, la gente haya decidido manifestarse contra las instalaciones de una cadena as\u00ed de masiva, implica primeramente que hay un hast\u00edo generalizado contra la manipulaci\u00f3n de los medios de comunicaci\u00f3n, pero principalmente porque el mostrar en lo m\u00e1s alto esas banderas, se simboliza la uni\u00f3n entre afroamericanos e hispanos&nbsp; (recordemos que a partir del discurso de odio de Trump, los racistas llaman mexicanos a todos los hispanos), pues aunque sean dos poblaciones diferentes, se reconocen como v\u00edctimas del mismo opresor.&nbsp;<\/p>\n\n\n\n<p>\u00bfPero en M\u00e9xico hay de verdad racismo? En ese sentido, creo que es equivocado abordar la cuesti\u00f3n buscando \u201cparecidos\u201d o \u201csemejanzas\u201d con las caracter\u00edsticas del fen\u00f3meno en nuestro vecino pa\u00eds del norte.&nbsp;<\/p>\n\n\n\n<p>Asimismo, creo que el error est\u00e1 en pensar que el racismo es forzosamente un odio consciente, cuando m\u00e1s bien, se puede tratar de una situaci\u00f3n internalizada, normalizada y profunda, individual y colectivamente.&nbsp;<\/p>\n\n\n\n<p>Claro que en M\u00e9xico hay racismo, aunque a la gente que vive en una burbuja, como los \u201cactores\u201d e \u201cinfluencers\u201d, Juanpa Zurita y B\u00e1rbara de Regil, les parezca incre\u00edble. Y en M\u00e9xico, adem\u00e1s, se combina con la crudeza del clasismo, la xenofobia y la desigualdad.&nbsp;<\/p>\n\n\n\n<p>Esta es una buena oportunidad para reflexionar sobre lo que podemos y debemos cambiar. Y tambi\u00e9n para pensar a qu\u00e9 clase de personas encumbramos como l\u00edderes de opini\u00f3n. Aprendamos a poner cada cosa en su lugar.&nbsp;<\/p>\n\n\n\n<p><strong><em>Abogado y profesor del Tecnol\u00f3gico de Monterrey<\/em><\/strong><\/p>\n\n\n\n<p><strong><em>Twitter: @GerardoVela<\/em><\/strong><\/p>\n","protected":false},"excerpt":{"rendered":"<p>Otra vez tenemos que hablar de racismo, otra vez toca se\u00f1alar lo evidente, indignarse por lo absurdo y demandar esa tan anhelada justicia que parece esconderse a la vuelta de la esquina, pero que nunca acabamos de encontrar. Otra vez las plazas y avenidas, los micr\u00f3fonos y las plumas vuelven sobre este viejo tema. Una [&hellip;]<\/p>\n","protected":false},"author":97,"featured_media":0,"comment_status":"closed","ping_status":"open","sticky":false,"template":"","format":"standard","meta":{"footnotes":""},"categories":[42],"tags":[],"class_list":["post-116902","post","type-post","status-publish","format-standard","hentry","category-nuestrapalabra"],"_links":{"self":[{"href":"https:\/\/plazajuarez.mx\/historico\/wp-json\/wp\/v2\/posts\/116902","targetHints":{"allow":["GET"]}}],"collection":[{"href":"https:\/\/plazajuarez.mx\/historico\/wp-json\/wp\/v2\/posts"}],"about":[{"href":"https:\/\/plazajuarez.mx\/historico\/wp-json\/wp\/v2\/types\/post"}],"author":[{"embeddable":true,"href":"https:\/\/plazajuarez.mx\/historico\/wp-json\/wp\/v2\/users\/97"}],"replies":[{"embeddable":true,"href":"https:\/\/plazajuarez.mx\/historico\/wp-json\/wp\/v2\/comments?post=116902"}],"version-history":[{"count":0,"href":"https:\/\/plazajuarez.mx\/historico\/wp-json\/wp\/v2\/posts\/116902\/revisions"}],"wp:attachment":[{"href":"https:\/\/plazajuarez.mx\/historico\/wp-json\/wp\/v2\/media?parent=116902"}],"wp:term":[{"taxonomy":"category","embeddable":true,"href":"https:\/\/plazajuarez.mx\/historico\/wp-json\/wp\/v2\/categories?post=116902"},{"taxonomy":"post_tag","embeddable":true,"href":"https:\/\/plazajuarez.mx\/historico\/wp-json\/wp\/v2\/tags?post=116902"}],"curies":[{"name":"wp","href":"https:\/\/api.w.org\/{rel}","templated":true}]}}