{"id":116880,"date":"2020-06-09T06:00:00","date_gmt":"2020-06-09T11:00:00","guid":{"rendered":"https:\/\/plazajuarez.mx\/?p=116880"},"modified":"2020-06-09T10:31:51","modified_gmt":"2020-06-09T15:31:51","slug":"tiene-casi-90-anos-y-no-le-teme-al-covid-19","status":"publish","type":"post","link":"https:\/\/plazajuarez.mx\/historico\/tiene-casi-90-anos-y-no-le-teme-al-covid-19\/","title":{"rendered":"Tiene casi 90 a\u00f1os y no le teme al Covid-19"},"content":{"rendered":"\n<ul class=\"wp-block-list\"><li><strong>\u201cNo s\u00e9 bien que es eso. Los del gobierno me dieron un cubrebocas y veo que mucha gente tambi\u00e9n los trae\u201d<\/strong><\/li><\/ul>\n\n\n\n<ul class=\"wp-block-list\"><li><strong>Soy un hombre sano y a mi edad me tengo que morir, de esa enfermedad o de otra, nada me preocupa ni a nadie le preocupo\u201d<\/strong><\/li><\/ul>\n\n\n\n<!--more-->\n\n\n\n<p>Su casa es una jardinera de la Plaza de la Constituci\u00f3n. Asegura que no le teme a la Covid-19, porque a la edad, de casi 90 a\u00f1os, Don Mario Romero Mendoza, asegura que no padece ninguna enfermedad y eso que come todo lo que la gente le da en la calle.<\/p>\n\n\n\n<p>\u00c9l es indigente que a su edad est\u00e1 l\u00facido. Dice recordar d\u00f3nde vive su familia en la comunidad de Xochitl\u00e1n de las Flores, perteneciente al municipio de Tula de Allende, pero que para no causarle molestia es que decidi\u00f3 vivir en la calle, donde es m\u00e1s feliz.<\/p>\n\n\n\n<p>\u201cEsa jardinera\u201d y se\u00f1ala a una de las jardineras del Teatro al Aire Libre \u201ces mi casa. Ah\u00ed duermo, como y vivo feliz. Bueno, en ocasiones algunos trabajadores del gobierno me corren. Debe ser porque ando todo sucio, dicen que doy mal aspecto, pero no tengo donde ba\u00f1arme\u201d.<\/p>\n\n\n\n<p>Al darle confianza de que se puede expresar, Don Mario comenta: \u201cLo que s\u00ed le puedo decir es que no le hago da\u00f1o a nadie. Si me agreden o maltratan, me defiendo, s\u00f3lo les miento la madre, pero usted cree que a mi edad pueda golpear a alguien\u201d.<\/p>\n\n\n\n<p>\u00bfSabe usted algo de la enfermedad del Covid-19?, le pregunto.<\/p>\n\n\n\n<p>\u201cLe repito yo soy un hombre sano y a mi edad me tengo que morir, de esa enfermedad o de otra, nada me preocupa ni a nadie le preocupo\u201d, se\u00f1ala sonriente y ahora \u00e9l interroga:&nbsp;<\/p>\n\n\n\n<p>-\u00bfUsted qu\u00e9 opina, se\u00f1ito?<\/p>\n\n\n\n<p>Don Mario escribe y escribe n\u00fameros y m\u00e1s n\u00fameros en unas hojas blancas sueltas, y al preguntarle qu\u00e9 escribe, se\u00f1ala que son las cantidades de dinero que un d\u00eda manej\u00f3, pero que no recuerda d\u00f3nde se qued\u00f3 su dinero.&nbsp;&nbsp;<\/p>\n","protected":false},"excerpt":{"rendered":"<p>\u201cNo s\u00e9 bien que es eso. Los del gobierno me dieron un cubrebocas y veo que mucha gente tambi\u00e9n los trae\u201d Soy un hombre sano y a mi edad me tengo que morir, de esa enfermedad o de otra, nada me preocupa ni a nadie le preocupo\u201d<\/p>\n","protected":false},"author":71,"featured_media":0,"comment_status":"closed","ping_status":"open","sticky":false,"template":"","format":"standard","meta":{"footnotes":""},"categories":[40],"tags":[],"class_list":["post-116880","post","type-post","status-publish","format-standard","hentry","category-region"],"_links":{"self":[{"href":"https:\/\/plazajuarez.mx\/historico\/wp-json\/wp\/v2\/posts\/116880","targetHints":{"allow":["GET"]}}],"collection":[{"href":"https:\/\/plazajuarez.mx\/historico\/wp-json\/wp\/v2\/posts"}],"about":[{"href":"https:\/\/plazajuarez.mx\/historico\/wp-json\/wp\/v2\/types\/post"}],"author":[{"embeddable":true,"href":"https:\/\/plazajuarez.mx\/historico\/wp-json\/wp\/v2\/users\/71"}],"replies":[{"embeddable":true,"href":"https:\/\/plazajuarez.mx\/historico\/wp-json\/wp\/v2\/comments?post=116880"}],"version-history":[{"count":0,"href":"https:\/\/plazajuarez.mx\/historico\/wp-json\/wp\/v2\/posts\/116880\/revisions"}],"wp:attachment":[{"href":"https:\/\/plazajuarez.mx\/historico\/wp-json\/wp\/v2\/media?parent=116880"}],"wp:term":[{"taxonomy":"category","embeddable":true,"href":"https:\/\/plazajuarez.mx\/historico\/wp-json\/wp\/v2\/categories?post=116880"},{"taxonomy":"post_tag","embeddable":true,"href":"https:\/\/plazajuarez.mx\/historico\/wp-json\/wp\/v2\/tags?post=116880"}],"curies":[{"name":"wp","href":"https:\/\/api.w.org\/{rel}","templated":true}]}}