{"id":116877,"date":"2020-06-09T06:00:00","date_gmt":"2020-06-09T11:00:00","guid":{"rendered":"https:\/\/plazajuarez.mx\/?p=116877"},"modified":"2020-06-08T21:12:46","modified_gmt":"2020-06-09T02:12:46","slug":"banco-de-espana-eleva-al-151-la-caida-del-pib","status":"publish","type":"post","link":"https:\/\/plazajuarez.mx\/historico\/banco-de-espana-eleva-al-151-la-caida-del-pib\/","title":{"rendered":"Banco de Espa\u00f1a eleva al 15,1 % la ca\u00edda del PIB"},"content":{"rendered":"\n<ul class=\"wp-block-list\"><li><strong>Econom\u00eda espa\u00f1ola estar\u00e1 en graves problemas, seg\u00fan el Banco de Espa\u00f1a&nbsp;<\/strong><\/li><\/ul>\n\n\n\n<!--more-->\n\n\n\n<p>El Banco de Espa\u00f1a public\u00f3 sus proyecciones para la econom\u00eda espa\u00f1ola en las que prev\u00e9 una ca\u00edda del PIB del 15,1 % este a\u00f1o en el denominado escenario de riesgo, descenso que ser\u00eda del 9 % en el de recuperaci\u00f3n temprana y del 11,6 % en un tercero m\u00e1s gradual.<\/p>\n\n\n\n<p>En la actualizaci\u00f3n de las proyecciones macroecon\u00f3micas hasta 2022 publicadas ayer y marcadas por el impacto del Covid-19, la entidad sit\u00faa la tasa de paro de 2020 en el 18,1 % -frente al 14,1 % de 2019- en el escenario m\u00e1s benigno, para elevarla al 19,6 % en el intermedio y al 23,6 % en el de riesgo.<\/p>\n\n\n\n<p>En cuanto a la deuda, las proyecciones se\u00f1alan a niveles muy elevados: el 114,5 % del PIB para este a\u00f1o en el mejor escenario y el 119,3 % en el intermedio, tras haber cerrado 2019 en el 95,5 %.<\/p>\n","protected":false},"excerpt":{"rendered":"<p>Econom\u00eda espa\u00f1ola estar\u00e1 en graves problemas, seg\u00fan el Banco de Espa\u00f1a&nbsp;<\/p>\n","protected":false},"author":80,"featured_media":0,"comment_status":"closed","ping_status":"open","sticky":false,"template":"","format":"standard","meta":{"footnotes":""},"categories":[31],"tags":[],"class_list":["post-116877","post","type-post","status-publish","format-standard","hentry","category-orbe"],"_links":{"self":[{"href":"https:\/\/plazajuarez.mx\/historico\/wp-json\/wp\/v2\/posts\/116877","targetHints":{"allow":["GET"]}}],"collection":[{"href":"https:\/\/plazajuarez.mx\/historico\/wp-json\/wp\/v2\/posts"}],"about":[{"href":"https:\/\/plazajuarez.mx\/historico\/wp-json\/wp\/v2\/types\/post"}],"author":[{"embeddable":true,"href":"https:\/\/plazajuarez.mx\/historico\/wp-json\/wp\/v2\/users\/80"}],"replies":[{"embeddable":true,"href":"https:\/\/plazajuarez.mx\/historico\/wp-json\/wp\/v2\/comments?post=116877"}],"version-history":[{"count":0,"href":"https:\/\/plazajuarez.mx\/historico\/wp-json\/wp\/v2\/posts\/116877\/revisions"}],"wp:attachment":[{"href":"https:\/\/plazajuarez.mx\/historico\/wp-json\/wp\/v2\/media?parent=116877"}],"wp:term":[{"taxonomy":"category","embeddable":true,"href":"https:\/\/plazajuarez.mx\/historico\/wp-json\/wp\/v2\/categories?post=116877"},{"taxonomy":"post_tag","embeddable":true,"href":"https:\/\/plazajuarez.mx\/historico\/wp-json\/wp\/v2\/tags?post=116877"}],"curies":[{"name":"wp","href":"https:\/\/api.w.org\/{rel}","templated":true}]}}