{"id":116875,"date":"2020-06-09T06:00:00","date_gmt":"2020-06-09T11:00:00","guid":{"rendered":"https:\/\/plazajuarez.mx\/?p=116875"},"modified":"2020-06-08T21:09:46","modified_gmt":"2020-06-09T02:09:46","slug":"toluca-informa-siete-casos-positivos-de-covid-19","status":"publish","type":"post","link":"https:\/\/plazajuarez.mx\/historico\/toluca-informa-siete-casos-positivos-de-covid-19\/","title":{"rendered":"Toluca informa siete casos positivos de COVID-19"},"content":{"rendered":"\n<ul class=\"wp-block-list\"><li><strong>Por otro lado, en el Santos Laguna se han detectado quince casos, incluido el entrenador uruguayo Guillermo Almada<\/strong><\/li><\/ul>\n\n\n\n<!--more-->\n\n\n\n<p>El Toluca anunci\u00f3 que de las 70 pruebas hechas a sus jugadores y asistentes siete dieron positivo a COVID-19.<\/p>\n\n\n\n<p>Se trata de casos &#8220;asintom\u00e1ticos y dichas personas ya se encuentran siguiendo los protocolos que marca la Secretar\u00eda de Salud. En una pr\u00f3xima fecha ser\u00e1n reevaluados con nuevas pruebas, como lo dicta el protocolo de salud&#8221;, precis\u00f3 la entidad mexicana en un comunicado.<\/p>\n\n\n\n<p>El Toluca, que era decimoquinto en la clasificaci\u00f3n cuando fue suspendido el torneo Clausura, hizo las pruebas la semana pasada mientras se discute el comienzo de la pretemporada del torneo Apertura.<\/p>\n\n\n\n<p>El domingo, el Monterrey, campe\u00f3n de la liga, anunci\u00f3 que uno de los integrantes del primer equipo dio positivo a COVID-19.<\/p>\n\n\n\n<p>En el Santos Laguna se han detectado quince casos, incluido el entrenador uruguayo Guillermo Almada.<\/p>\n","protected":false},"excerpt":{"rendered":"<p>Por otro lado, en el Santos Laguna se han detectado quince casos, incluido el entrenador uruguayo Guillermo Almada<\/p>\n","protected":false},"author":81,"featured_media":0,"comment_status":"closed","ping_status":"open","sticky":false,"template":"","format":"standard","meta":{"footnotes":""},"categories":[39],"tags":[],"class_list":["post-116875","post","type-post","status-publish","format-standard","hentry","category-deportiva"],"_links":{"self":[{"href":"https:\/\/plazajuarez.mx\/historico\/wp-json\/wp\/v2\/posts\/116875","targetHints":{"allow":["GET"]}}],"collection":[{"href":"https:\/\/plazajuarez.mx\/historico\/wp-json\/wp\/v2\/posts"}],"about":[{"href":"https:\/\/plazajuarez.mx\/historico\/wp-json\/wp\/v2\/types\/post"}],"author":[{"embeddable":true,"href":"https:\/\/plazajuarez.mx\/historico\/wp-json\/wp\/v2\/users\/81"}],"replies":[{"embeddable":true,"href":"https:\/\/plazajuarez.mx\/historico\/wp-json\/wp\/v2\/comments?post=116875"}],"version-history":[{"count":0,"href":"https:\/\/plazajuarez.mx\/historico\/wp-json\/wp\/v2\/posts\/116875\/revisions"}],"wp:attachment":[{"href":"https:\/\/plazajuarez.mx\/historico\/wp-json\/wp\/v2\/media?parent=116875"}],"wp:term":[{"taxonomy":"category","embeddable":true,"href":"https:\/\/plazajuarez.mx\/historico\/wp-json\/wp\/v2\/categories?post=116875"},{"taxonomy":"post_tag","embeddable":true,"href":"https:\/\/plazajuarez.mx\/historico\/wp-json\/wp\/v2\/tags?post=116875"}],"curies":[{"name":"wp","href":"https:\/\/api.w.org\/{rel}","templated":true}]}}