{"id":116873,"date":"2020-06-09T06:00:00","date_gmt":"2020-06-09T11:00:00","guid":{"rendered":"https:\/\/plazajuarez.mx\/?p=116873"},"modified":"2020-06-09T06:55:42","modified_gmt":"2020-06-09T11:55:42","slug":"latinoamerica-epicentro-de-la-pandemia","status":"publish","type":"post","link":"https:\/\/plazajuarez.mx\/historico\/latinoamerica-epicentro-de-la-pandemia\/","title":{"rendered":"Latinoam\u00e9rica, epicentro de la pandemia"},"content":{"rendered":"\n<ul class=\"wp-block-list\"><li><strong>Afronta un mes crucial para frenarla<\/strong><\/li><\/ul>\n\n\n\n<ul class=\"wp-block-list\"><li><strong>Brasil, Chile o M\u00e9xico est\u00e1n experimentando aumentos diarios de hasta el 4 y 5 por ciento en cuanto a nuevos contagios<\/strong><\/li><\/ul>\n\n\n\n<!--more-->\n\n\n\n<p>Latinoam\u00e9rica se ha convertido en las \u00faltimas semanas en nuevo epicentro de la pandemia, con m\u00e1s de un mill\u00f3n de casos. Junio ser\u00e1 crucial para frenar su avance, seg\u00fan destac\u00f3 el experto de la Organizaci\u00f3n Panamericana de Salud (OPS) Marcos Espinal.<\/p>\n\n\n\n<p>El director del Departamento de Enfermedades Transmisibles de la OPS (brazo de la Organizaci\u00f3n Mundial de la Salud en las Am\u00e9ricas) resalt\u00f3 que junio &#8220;va a ser un mes cr\u00edtico, en el que los pa\u00edses que implementaron medidas de mitigaci\u00f3n a tiempo podr\u00e1n manejar un poco mejor la sobrecarga de casos en sus sistemas de salud&#8221;.<\/p>\n\n\n\n<p>El experto dominicano record\u00f3 que en estos momentos pa\u00edses de la zona como Brasil, Chile o M\u00e9xico est\u00e1n experimentando aumentos diarios de hasta el 4 y 5 por ciento en cuanto a nuevos contagios, y otros como Bolivia o Venezuela tambi\u00e9n est\u00e1n aumentando sus cifras relativas de casos diarios, &#8220;una situaci\u00f3n a\u00fan muy delicada&#8221;.<\/p>\n\n\n\n<p><strong>PROBLEMAS SOCIALES AGRAVAN LOS SANITARIOS<\/strong><\/p>\n\n\n\n<p>Ello se complica por los problemas econ\u00f3micos de la regi\u00f3n, con grandes bolsas de pobreza y muchos trabajadores informales sin cobertura de salud o medios para subsistir en un confinamiento, lo que est\u00e1 llevando a algunos pa\u00edses a considerar desescaladas pese a que a\u00fan no se han reducido los contagios.<\/p>\n\n\n\n<p>Desde la OPS &#8220;se ha recomendado que no es el tiempo para reabrir, pero cada pa\u00eds es soberano&#8221;, asegura Espinal, quien indica que la organizaci\u00f3n entiende &#8220;que muchas personas sin trabajo fijo tienen que buscar el sustento de sus familias&#8221;.<\/p>\n\n\n\n<p>Si deciden reabrir, &#8220;que sea de forma paulatina y anal\u00edtica&#8221;, sugiri\u00f3 el experto, animando a que en cada pa\u00eds se sienten a decidir estas medidas responsables econ\u00f3micos y de finanzas junto a autoridades de salud p\u00fablica y representantes de la sociedad civil.<\/p>\n","protected":false},"excerpt":{"rendered":"<p>Afronta un mes crucial para frenarla Brasil, Chile o M\u00e9xico est\u00e1n experimentando aumentos diarios de hasta el 4 y 5 por ciento en cuanto a nuevos contagios<\/p>\n","protected":false},"author":80,"featured_media":0,"comment_status":"closed","ping_status":"open","sticky":false,"template":"","format":"standard","meta":{"footnotes":""},"categories":[15,31],"tags":[],"class_list":["post-116873","post","type-post","status-publish","format-standard","hentry","category-destacadas","category-orbe"],"_links":{"self":[{"href":"https:\/\/plazajuarez.mx\/historico\/wp-json\/wp\/v2\/posts\/116873","targetHints":{"allow":["GET"]}}],"collection":[{"href":"https:\/\/plazajuarez.mx\/historico\/wp-json\/wp\/v2\/posts"}],"about":[{"href":"https:\/\/plazajuarez.mx\/historico\/wp-json\/wp\/v2\/types\/post"}],"author":[{"embeddable":true,"href":"https:\/\/plazajuarez.mx\/historico\/wp-json\/wp\/v2\/users\/80"}],"replies":[{"embeddable":true,"href":"https:\/\/plazajuarez.mx\/historico\/wp-json\/wp\/v2\/comments?post=116873"}],"version-history":[{"count":0,"href":"https:\/\/plazajuarez.mx\/historico\/wp-json\/wp\/v2\/posts\/116873\/revisions"}],"wp:attachment":[{"href":"https:\/\/plazajuarez.mx\/historico\/wp-json\/wp\/v2\/media?parent=116873"}],"wp:term":[{"taxonomy":"category","embeddable":true,"href":"https:\/\/plazajuarez.mx\/historico\/wp-json\/wp\/v2\/categories?post=116873"},{"taxonomy":"post_tag","embeddable":true,"href":"https:\/\/plazajuarez.mx\/historico\/wp-json\/wp\/v2\/tags?post=116873"}],"curies":[{"name":"wp","href":"https:\/\/api.w.org\/{rel}","templated":true}]}}